{"id":9926,"date":"2013-11-11T05:52:33","date_gmt":"2013-11-11T10:52:33","guid":{"rendered":"http:\/\/nadeaubarlow.com\/?p=9926"},"modified":"2013-12-18T06:06:30","modified_gmt":"2013-12-18T11:06:30","slug":"la-guerre-toujours-recommencee","status":"publish","type":"post","link":"https:\/\/nadeaubarlow.com\/fr\/la-guerre-toujours-recommencee\/","title":{"rendered":"La guerre toujours recommenc\u00e9e"},"content":{"rendered":"<p><em>Une chronique de Jean-Beno\u00eet Nadeau parue chez\u00a0<a href=\"http:\/\/actualites.ca.msn.com\/chroniques\/chroniques.aspx\" target=\"_blank\" data-bitly-type=\"bitly_hover_card\"><em>MSN Actualit\u00e9s<\/em><\/a>.<\/em><\/p>\n<p><a href=\"https:\/\/nadeaubarlow.com\/wp-content\/uploads\/2013\/12\/Guerre.jpg\"><img loading=\"lazy\" class=\"alignleft size-medium wp-image-9927\" alt=\"Guerre\" src=\"https:\/\/nadeaubarlow.com\/wp-content\/uploads\/2013\/12\/Guerre-300x211.jpg\" width=\"300\" height=\"211\" srcset=\"https:\/\/nadeaubarlow.com\/wp-content\/uploads\/2013\/12\/Guerre-300x211.jpg 300w, https:\/\/nadeaubarlow.com\/wp-content\/uploads\/2013\/12\/Guerre.jpg 930w\" sizes=\"(max-width: 300px) 100vw, 300px\" \/><\/a>Les c\u00e9r\u00e9monies du 11-Novembre rev\u00eatent un sens particulier en 2013 puisqu\u2019elles marquent le d\u00e9but des comm\u00e9morations du centenaire de la Premi\u00e8re Guerre mondiale.<\/p>\n<p>Je m\u2019\u00e9tonne d\u2019observer bon nombre de rapprochements entre les \u00ab\u00a0poilus\u00a0\u00bb, surnom des soldats fran\u00e7ais pendant la Grande Guerre, et les r\u00e9sistants, figure marquante de la guerre suivante. La presse qu\u00e9b\u00e9coise fait le m\u00eame genre d\u2019amalgame\u00a0: le \u00ab\u00a0Jour du Souvenir\u00a0\u00bb y est davantage associ\u00e9 au D\u00e9barquement de Normandie (1944) ou de Dieppe (1942) qu\u2019aux batailles de La Somme (1916) ou de Vimy (1917).<\/p>\n<p>En apparence, la chose est farfelue puisque le 11 novembre est la date de l\u2019armistice de 1918, qui marque la fin d\u2019une guerre qui avait\u00a0commenc\u00e9e\u00a0quatre ans plus t\u00f4t en ao\u00fbt 1914. Pas en 1939.<\/p>\n<p>Mais la distance produit des distorsions, forc\u00e9ment. Il s\u2019est d\u00e9j\u00e0 pass\u00e9 une g\u00e9n\u00e9ration depuis la chute du Mur de Berlin, en 1989. La Seconde Guerre mondiale, c\u2019\u00e9tait il y a trois g\u00e9n\u00e9rations. Et la Premi\u00e8re, quatre! En fait, en 1914, il \u00e9tait pass\u00e9 moins d\u2019ann\u00e9es depuis Napol\u00e9on qu\u2019il ne s\u2019en est \u00e9coul\u00e9 depuis!<\/p>\n<p>Mais j\u2019observe que certains historiens parlent d\u00e9sormais des deux guerres mondiales comme des deux phases d\u2019une seule et m\u00eame guerre de Trente Ans \u2013 qui en a dur\u00e9\u00a031. Si bien que l\u2019amalgame qu\u2019en font les m\u00e9dias n\u2019est pas enti\u00e8rement faux. <a href=\"http:\/\/actualites.ca.msn.com\/chroniques\/la-guerre-toujours-recommenc%C3%A9e\" target=\"_blank\">Lire la suite \u00bb<\/a><\/p>\n","protected":false},"excerpt":{"rendered":"<p>Une chronique de Jean-Beno\u00eet Nadeau parue chez\u00a0MSN Actualit\u00e9s. Les c\u00e9r\u00e9monies du 11-Novembre rev\u00eatent un sens particulier en 2013 puisqu\u2019elles marquent le d\u00e9but des comm\u00e9morations du &#8230;<\/p>\n","protected":false},"author":4,"featured_media":9927,"comment_status":"open","ping_status":"closed","sticky":false,"template":"","format":"standard","meta":[],"categories":[41],"tags":[],"_links":{"self":[{"href":"https:\/\/nadeaubarlow.com\/fr\/wp-json\/wp\/v2\/posts\/9926"}],"collection":[{"href":"https:\/\/nadeaubarlow.com\/fr\/wp-json\/wp\/v2\/posts"}],"about":[{"href":"https:\/\/nadeaubarlow.com\/fr\/wp-json\/wp\/v2\/types\/post"}],"author":[{"embeddable":true,"href":"https:\/\/nadeaubarlow.com\/fr\/wp-json\/wp\/v2\/users\/4"}],"replies":[{"embeddable":true,"href":"https:\/\/nadeaubarlow.com\/fr\/wp-json\/wp\/v2\/comments?post=9926"}],"version-history":[{"count":1,"href":"https:\/\/nadeaubarlow.com\/fr\/wp-json\/wp\/v2\/posts\/9926\/revisions"}],"predecessor-version":[{"id":9928,"href":"https:\/\/nadeaubarlow.com\/fr\/wp-json\/wp\/v2\/posts\/9926\/revisions\/9928"}],"wp:featuredmedia":[{"embeddable":true,"href":"https:\/\/nadeaubarlow.com\/fr\/wp-json\/wp\/v2\/media\/9927"}],"wp:attachment":[{"href":"https:\/\/nadeaubarlow.com\/fr\/wp-json\/wp\/v2\/media?parent=9926"}],"wp:term":[{"taxonomy":"category","embeddable":true,"href":"https:\/\/nadeaubarlow.com\/fr\/wp-json\/wp\/v2\/categories?post=9926"},{"taxonomy":"post_tag","embeddable":true,"href":"https:\/\/nadeaubarlow.com\/fr\/wp-json\/wp\/v2\/tags?post=9926"}],"curies":[{"name":"wp","href":"https:\/\/api.w.org\/{rel}","templated":true}]}}