{"id":9664,"date":"2013-09-03T14:13:30","date_gmt":"2013-09-03T18:13:30","guid":{"rendered":"http:\/\/nadeaubarlow.com\/?p=9664"},"modified":"2013-09-03T14:22:43","modified_gmt":"2013-09-03T18:22:43","slug":"52-week-ends-a-paris","status":"publish","type":"post","link":"https:\/\/nadeaubarlow.com\/fr\/52-week-ends-a-paris\/","title":{"rendered":"52 week-ends \u00e0 Paris"},"content":{"rendered":"<p><em>Une chronique de Jean-Beno\u00eet Nadeau parue chez\u00a0<a href=\"http:\/\/actualites.ca.msn.com\/chroniques\/chroniques.aspx\" target=\"_blank\" data-bitly-type=\"bitly_hover_card\"><em>MSN Actualit\u00e9s<\/em><\/a>.<\/em><\/p>\n<p><em><img loading=\"lazy\" class=\"alignleft size-medium wp-image-9665\" alt=\"La tour Eiffel\" src=\"https:\/\/nadeaubarlow.com\/wp-content\/uploads\/2013\/09\/52-week-ends-a-Paris-300x129.jpg\" width=\"300\" height=\"129\" \/>Alea jacta est<\/em>, comme disait Jules. Le sort est jet\u00e9. La pile de valises est boucl\u00e9e et nous d\u00e9collons ce soir pour une ann\u00e9e en famille \u00e0 Paris.<\/p>\n<p>Pourquoi Paris? Officiellement, afin de faire la recherche et la r\u00e9daction pour un nouveau livre sur les Fran\u00e7ais, et aussi le d\u00e9but de la recherche sur notre prochain livre sur la langue arabe. Une sabbatique autofinanc\u00e9e, donc, du m\u00eame genre que nous avions accompli en Arizona en 2010.<\/p>\n<p>Cette fois, ce sera dans notre petit trois-pi\u00e8ces du 5<sup>e<\/sup>\u00a0arrondissement, dans le Quartier latin, sur la rue de l\u2019Arbal\u00e8te. Quartier fantastique\u00a0: nous vivrons pr\u00e8s de la rue Mouffetard, qui est un joli march\u00e9, et de la place de la Contrescarpe, qui est sans doute parmi les plus jolies places de Paris, entre le Jardin des plantes et le Luxembourg, pas tr\u00e8s loin du Panth\u00e9on, de l\u2019Institut du Monde arabe et de la Grande mosqu\u00e9e de Paris avec son hammam.<\/p>\n<p>J\u2019ai tr\u00e8s h\u00e2te d\u2019arriver, car cela fait six jours que notre vie tourne autour des bagages. Pas facile de r\u00e9duire sa vie personnelle et professionnelle \u00e0 huit valises de 23 kilos chacun.\u00a0<a href=\"http:\/\/actualites.ca.msn.com\/chroniques\/52-week-ends-%C3%A0-paris\" target=\"_blank\">Lire la suite \u00bb<\/a><\/p>\n","protected":false},"excerpt":{"rendered":"<p>Une chronique de Jean-Beno\u00eet Nadeau parue chez\u00a0MSN Actualit\u00e9s. Alea jacta est, comme disait Jules. Le sort est jet\u00e9. La pile de valises est boucl\u00e9e et &#8230;<\/p>\n","protected":false},"author":2,"featured_media":9665,"comment_status":"open","ping_status":"closed","sticky":false,"template":"","format":"standard","meta":[],"categories":[41],"tags":[],"_links":{"self":[{"href":"https:\/\/nadeaubarlow.com\/fr\/wp-json\/wp\/v2\/posts\/9664"}],"collection":[{"href":"https:\/\/nadeaubarlow.com\/fr\/wp-json\/wp\/v2\/posts"}],"about":[{"href":"https:\/\/nadeaubarlow.com\/fr\/wp-json\/wp\/v2\/types\/post"}],"author":[{"embeddable":true,"href":"https:\/\/nadeaubarlow.com\/fr\/wp-json\/wp\/v2\/users\/2"}],"replies":[{"embeddable":true,"href":"https:\/\/nadeaubarlow.com\/fr\/wp-json\/wp\/v2\/comments?post=9664"}],"version-history":[{"count":1,"href":"https:\/\/nadeaubarlow.com\/fr\/wp-json\/wp\/v2\/posts\/9664\/revisions"}],"predecessor-version":[{"id":9666,"href":"https:\/\/nadeaubarlow.com\/fr\/wp-json\/wp\/v2\/posts\/9664\/revisions\/9666"}],"wp:featuredmedia":[{"embeddable":true,"href":"https:\/\/nadeaubarlow.com\/fr\/wp-json\/wp\/v2\/media\/9665"}],"wp:attachment":[{"href":"https:\/\/nadeaubarlow.com\/fr\/wp-json\/wp\/v2\/media?parent=9664"}],"wp:term":[{"taxonomy":"category","embeddable":true,"href":"https:\/\/nadeaubarlow.com\/fr\/wp-json\/wp\/v2\/categories?post=9664"},{"taxonomy":"post_tag","embeddable":true,"href":"https:\/\/nadeaubarlow.com\/fr\/wp-json\/wp\/v2\/tags?post=9664"}],"curies":[{"name":"wp","href":"https:\/\/api.w.org\/{rel}","templated":true}]}}