{"id":9633,"date":"2013-08-21T17:08:51","date_gmt":"2013-08-21T21:08:51","guid":{"rendered":"http:\/\/nadeaubarlow.com\/?p=9633"},"modified":"2013-10-09T15:24:18","modified_gmt":"2013-10-09T19:24:18","slug":"quelles-valeurs-quebecoises","status":"publish","type":"post","link":"https:\/\/nadeaubarlow.com\/fr\/quelles-valeurs-quebecoises\/","title":{"rendered":"Quelles valeurs qu\u00e9b\u00e9coises?"},"content":{"rendered":"<p><em>Une chronique de Jean-Beno\u00eet Nadeau parue chez\u00a0<a href=\"http:\/\/actualites.ca.msn.com\/chroniques\/chroniques.aspx\" target=\"_blank\" data-bitly-type=\"bitly_hover_card\"><em>MSN Actualit\u00e9s<\/em><\/a>.<\/em><\/p>\n<p><img loading=\"lazy\" class=\"alignleft size-medium wp-image-9661\" alt=\"Femme qui porte le hijab\" src=\"https:\/\/nadeaubarlow.com\/wp-content\/uploads\/2013\/08\/Quelles-valeurs-quebecoises-300x129.jpg\" width=\"300\" height=\"129\" \/>Ainsi, le PQ, \u00e0 travers le ministre Bernard Drainville, veut lancer son automne parlementaire avec un projet \u00ab\u00a0rassembleur\u00a0\u00bb, une \u00ab\u00a0charte des valeurs qu\u00e9b\u00e9coises\u00a0\u00bb qui bannirait les signes religieux et forcerait la neutralit\u00e9 religieuse de toutes les institutions publiques.<\/p>\n<p>Avant de faire quoi que ce soit dans ce dossier, il faut bien se demander si le rem\u00e8de n\u2019est pas pire que le probl\u00e8me qu\u2019on tente de soigner.<\/p>\n<p>D\u2019abord, quel est le probl\u00e8me?<\/p>\n<p>On ne peut pas jouer dans une question aussi grosse sans qu\u2019il y ait un probl\u00e8me r\u00e9el \u00e0 r\u00e9gler de l\u2019ordre de la crise politique ou de la guerre civile larv\u00e9e.<\/p>\n<p>Quelle menace \u00e0 la d\u00e9mocratie qu\u00e9b\u00e9coise Bernard Drainville veut-il pr\u00e9venir?<\/p>\n<p>Cela pue la crise identitaire fabriqu\u00e9e.\u00a0<a href=\"http:\/\/actualites.ca.msn.com\/chroniques\/quelles-valeurs-qu%C3%A9b%C3%A9coises\" target=\"_blank\">Lire la suite \u00bb<\/a><\/p>\n<p>&nbsp;<\/p>\n","protected":false},"excerpt":{"rendered":"<p>Une chronique de Jean-Beno\u00eet Nadeau parue chez\u00a0MSN Actualit\u00e9s. Ainsi, le PQ, \u00e0 travers le ministre Bernard Drainville, veut lancer son automne parlementaire avec un projet &#8230;<\/p>\n","protected":false},"author":4,"featured_media":9661,"comment_status":"open","ping_status":"closed","sticky":false,"template":"","format":"standard","meta":[],"categories":[18,72],"tags":[210],"_links":{"self":[{"href":"https:\/\/nadeaubarlow.com\/fr\/wp-json\/wp\/v2\/posts\/9633"}],"collection":[{"href":"https:\/\/nadeaubarlow.com\/fr\/wp-json\/wp\/v2\/posts"}],"about":[{"href":"https:\/\/nadeaubarlow.com\/fr\/wp-json\/wp\/v2\/types\/post"}],"author":[{"embeddable":true,"href":"https:\/\/nadeaubarlow.com\/fr\/wp-json\/wp\/v2\/users\/4"}],"replies":[{"embeddable":true,"href":"https:\/\/nadeaubarlow.com\/fr\/wp-json\/wp\/v2\/comments?post=9633"}],"version-history":[{"count":5,"href":"https:\/\/nadeaubarlow.com\/fr\/wp-json\/wp\/v2\/posts\/9633\/revisions"}],"predecessor-version":[{"id":9662,"href":"https:\/\/nadeaubarlow.com\/fr\/wp-json\/wp\/v2\/posts\/9633\/revisions\/9662"}],"wp:featuredmedia":[{"embeddable":true,"href":"https:\/\/nadeaubarlow.com\/fr\/wp-json\/wp\/v2\/media\/9661"}],"wp:attachment":[{"href":"https:\/\/nadeaubarlow.com\/fr\/wp-json\/wp\/v2\/media?parent=9633"}],"wp:term":[{"taxonomy":"category","embeddable":true,"href":"https:\/\/nadeaubarlow.com\/fr\/wp-json\/wp\/v2\/categories?post=9633"},{"taxonomy":"post_tag","embeddable":true,"href":"https:\/\/nadeaubarlow.com\/fr\/wp-json\/wp\/v2\/tags?post=9633"}],"curies":[{"name":"wp","href":"https:\/\/api.w.org\/{rel}","templated":true}]}}