{"id":7475,"date":"2012-12-18T09:00:37","date_gmt":"2012-12-18T14:00:37","guid":{"rendered":"http:\/\/nadeaubarlow.com\/?p=7475"},"modified":"2012-12-18T11:28:37","modified_gmt":"2012-12-18T16:28:37","slug":"un-monstre-americain","status":"publish","type":"post","link":"https:\/\/nadeaubarlow.com\/fr\/un-monstre-americain\/","title":{"rendered":"Un monstre am\u00e9ricain"},"content":{"rendered":"<p><em>Une chronique de Jean-Beno\u00eet Nadeau parue chez\u00a0<a href=\"http:\/\/actualites.ca.msn.com\/chroniques\/chroniques.aspx\" target=\"_blank\" data-bitly-type=\"bitly_hover_card\"><em>MSN Actualit\u00e9s<\/em><\/a>.<\/em><\/p>\n<div id=\"attachment_7476\" style=\"width: 234px\" class=\"wp-caption alignleft\"><a href=\"https:\/\/nadeaubarlow.com\/wp-content\/uploads\/2012\/12\/Un-monstre-americain.jpg\"><img aria-describedby=\"caption-attachment-7476\" loading=\"lazy\" class=\" wp-image-7476 \" title=\"Un monstre americain\" src=\"https:\/\/nadeaubarlow.com\/wp-content\/uploads\/2012\/12\/Un-monstre-americain.jpg\" alt=\"\" width=\"224\" height=\"168\" \/><\/a><p id=\"caption-attachment-7476\" class=\"wp-caption-text\">Photo : Fran\u00e7ois Polito &#8211; cc.3.0<\/p><\/div>\n<p>Depuis deux ans, j&rsquo;ai trop souvent d\u00fb \u00e9crire sur le dernier massacre de l&rsquo;heure. Quand ce n&rsquo;est pas un Am\u00e9ricain, c&rsquo;est un Norv\u00e9gien, un Fran\u00e7ais ou un Qu\u00e9b\u00e9cois.<br \/>\nDans le cas de celui de vendredi, dans une \u00e9cole primaire du Connecticut, je crois que le gouverneur de l&rsquo;\u00c9tat est arriv\u00e9 tr\u00e8s pr\u00e8s de nommer l&rsquo;innommable en parlant d&rsquo;<em>evil<\/em>.<\/p>\n<p>N&rsquo;\u00e9tant ni religieux ni manich\u00e9en, je ne crois ni au diable ni \u00e0 l&rsquo;existence du Mal en tant que tel. Mais je pense que le gouverneur approchait de l&rsquo;essence du drame.<br \/>\n\u00c0 savoir que le type qui a commis cette boucherie n&rsquo;\u00e9tait pas humain: c&rsquo;\u00e9tait un monstre.<\/p>\n<p>La folie, ici, n&rsquo;explique rien. Certes, le tireur Adam Lanza avait des probl\u00e8mes psychiatriques, mais nous connaissons des tas de fous qui ne feraient pas de mal \u00e0 une bouche.<br \/>\n<a href=\"http:\/\/actualites.ca.msn.com\/chroniques\/un-monstre-am%C3%A9ricain\" target=\"_blank\">Lire la suite \u00bb<\/a><\/p>\n","protected":false},"excerpt":{"rendered":"<p>Une chronique de Jean-Beno\u00eet Nadeau parue chez\u00a0MSN Actualit\u00e9s. Depuis deux ans, j&rsquo;ai trop souvent d\u00fb \u00e9crire sur le dernier massacre de l&rsquo;heure. Quand ce n&rsquo;est &#8230;<\/p>\n","protected":false},"author":2,"featured_media":7476,"comment_status":"open","ping_status":"closed","sticky":false,"template":"","format":"standard","meta":[],"categories":[18],"tags":[],"_links":{"self":[{"href":"https:\/\/nadeaubarlow.com\/fr\/wp-json\/wp\/v2\/posts\/7475"}],"collection":[{"href":"https:\/\/nadeaubarlow.com\/fr\/wp-json\/wp\/v2\/posts"}],"about":[{"href":"https:\/\/nadeaubarlow.com\/fr\/wp-json\/wp\/v2\/types\/post"}],"author":[{"embeddable":true,"href":"https:\/\/nadeaubarlow.com\/fr\/wp-json\/wp\/v2\/users\/2"}],"replies":[{"embeddable":true,"href":"https:\/\/nadeaubarlow.com\/fr\/wp-json\/wp\/v2\/comments?post=7475"}],"version-history":[{"count":4,"href":"https:\/\/nadeaubarlow.com\/fr\/wp-json\/wp\/v2\/posts\/7475\/revisions"}],"predecessor-version":[{"id":7480,"href":"https:\/\/nadeaubarlow.com\/fr\/wp-json\/wp\/v2\/posts\/7475\/revisions\/7480"}],"wp:featuredmedia":[{"embeddable":true,"href":"https:\/\/nadeaubarlow.com\/fr\/wp-json\/wp\/v2\/media\/7476"}],"wp:attachment":[{"href":"https:\/\/nadeaubarlow.com\/fr\/wp-json\/wp\/v2\/media?parent=7475"}],"wp:term":[{"taxonomy":"category","embeddable":true,"href":"https:\/\/nadeaubarlow.com\/fr\/wp-json\/wp\/v2\/categories?post=7475"},{"taxonomy":"post_tag","embeddable":true,"href":"https:\/\/nadeaubarlow.com\/fr\/wp-json\/wp\/v2\/tags?post=7475"}],"curies":[{"name":"wp","href":"https:\/\/api.w.org\/{rel}","templated":true}]}}