{"id":7118,"date":"2012-11-13T17:00:24","date_gmt":"2012-11-13T22:00:24","guid":{"rendered":"http:\/\/nadeaubarlow.com\/?p=7118"},"modified":"2012-11-14T10:19:49","modified_gmt":"2012-11-14T15:19:49","slug":"porto-rico-la-51e-etoile","status":"publish","type":"post","link":"https:\/\/nadeaubarlow.com\/fr\/porto-rico-la-51e-etoile\/","title":{"rendered":"Porto Rico, la 51e \u00e9toile?"},"content":{"rendered":"<p><em>Une chronique de Jean-Beno\u00eet Nadeau parue chez\u00a0<a href=\"http:\/\/actualites.ca.msn.com\/chroniques\/chroniques.aspx\" target=\"_blank\" data-bitly-type=\"bitly_hover_card\"><em>MSN Actualit\u00e9s<\/em><\/a>.<\/em><\/p>\n<div id=\"attachment_7119\" style=\"width: 310px\" class=\"wp-caption alignleft\"><a href=\"http:\/\/actualites.ca.msn.com\/chroniques\/porto-rico-la-51e-%C3%A9toile\" target=\"_blank\"><img aria-describedby=\"caption-attachment-7119\" loading=\"lazy\" class=\"size-full wp-image-7119\" title=\"Porto Rico, la 51e \u00e9toile?\" src=\"https:\/\/nadeaubarlow.com\/wp-content\/uploads\/2012\/11\/Porto-Rico-la-51e-etoile.jpg\" alt=\"\" width=\"300\" height=\"200\" \/><\/a><p id=\"caption-attachment-7119\" class=\"wp-caption-text\">Photo : Ricardo Arduengo &#8211; AP<\/p><\/div>\n<p>En lisant la couverture \u00e9lectorale am\u00e9ricaine, j&rsquo;ai \u00e9t\u00e9 jet\u00e9 en bas de ma chaise en apprenant que les Portoricains avaient vot\u00e9 par r\u00e9f\u00e9rendum \u00e0 61 % pour le rattachement aux \u00c9tats-Unis d&rsquo;Am\u00e9rique en tant que 51e \u00c9tat.<\/p>\n<p>Celle-l\u00e0, je ne l&rsquo;avais pas vue venir. Il faut dire que tout le monde n&rsquo;en avait que pour le duel Obama-Romney.<br \/>\nDepuis la guerre hispano-am\u00e9ricaine de 1898, c&rsquo;est le cinqui\u00e8me r\u00e9f\u00e9rendum sur le statut de Porto Rico. Les quatre fois pr\u00e9c\u00e9dentes, le vote est sorti en faveur du statuquo. Mais l\u00e0, \u00e7a y est : les Portoricains ont vot\u00e9 pour le changement.\u00a0<a href=\"http:\/\/actualites.ca.msn.com\/chroniques\/porto-rico-la-51e-%C3%A9toile\" target=\"_blank\">Lire la suite \u00bb<\/a><\/p>\n","protected":false},"excerpt":{"rendered":"<p>Une chronique de Jean-Beno\u00eet Nadeau parue chez\u00a0MSN Actualit\u00e9s. En lisant la couverture \u00e9lectorale am\u00e9ricaine, j&rsquo;ai \u00e9t\u00e9 jet\u00e9 en bas de ma chaise en apprenant que &#8230;<\/p>\n","protected":false},"author":2,"featured_media":7119,"comment_status":"open","ping_status":"closed","sticky":false,"template":"","format":"standard","meta":[],"categories":[44,45],"tags":[],"_links":{"self":[{"href":"https:\/\/nadeaubarlow.com\/fr\/wp-json\/wp\/v2\/posts\/7118"}],"collection":[{"href":"https:\/\/nadeaubarlow.com\/fr\/wp-json\/wp\/v2\/posts"}],"about":[{"href":"https:\/\/nadeaubarlow.com\/fr\/wp-json\/wp\/v2\/types\/post"}],"author":[{"embeddable":true,"href":"https:\/\/nadeaubarlow.com\/fr\/wp-json\/wp\/v2\/users\/2"}],"replies":[{"embeddable":true,"href":"https:\/\/nadeaubarlow.com\/fr\/wp-json\/wp\/v2\/comments?post=7118"}],"version-history":[{"count":5,"href":"https:\/\/nadeaubarlow.com\/fr\/wp-json\/wp\/v2\/posts\/7118\/revisions"}],"predecessor-version":[{"id":7122,"href":"https:\/\/nadeaubarlow.com\/fr\/wp-json\/wp\/v2\/posts\/7118\/revisions\/7122"}],"wp:featuredmedia":[{"embeddable":true,"href":"https:\/\/nadeaubarlow.com\/fr\/wp-json\/wp\/v2\/media\/7119"}],"wp:attachment":[{"href":"https:\/\/nadeaubarlow.com\/fr\/wp-json\/wp\/v2\/media?parent=7118"}],"wp:term":[{"taxonomy":"category","embeddable":true,"href":"https:\/\/nadeaubarlow.com\/fr\/wp-json\/wp\/v2\/categories?post=7118"},{"taxonomy":"post_tag","embeddable":true,"href":"https:\/\/nadeaubarlow.com\/fr\/wp-json\/wp\/v2\/tags?post=7118"}],"curies":[{"name":"wp","href":"https:\/\/api.w.org\/{rel}","templated":true}]}}