{"id":6503,"date":"2012-08-28T17:30:05","date_gmt":"2012-08-28T21:30:05","guid":{"rendered":"http:\/\/nadeaubarlow.com\/?p=6503"},"modified":"2012-08-29T08:38:07","modified_gmt":"2012-08-29T12:38:07","slug":"la-lutte-des-classes","status":"publish","type":"post","link":"https:\/\/nadeaubarlow.com\/fr\/la-lutte-des-classes\/","title":{"rendered":"La lutte des classes"},"content":{"rendered":"<div id=\"attachment_6504\" style=\"width: 290px\" class=\"wp-caption alignleft\"><a href=\"http:\/\/actualites.ca.msn.com\/chroniques\/la-lutte-des-classes\" target=\"_blank\"><img aria-describedby=\"caption-attachment-6504\" loading=\"lazy\" class=\"size-full wp-image-6504\" title=\"La lutte des classes\" src=\"https:\/\/nadeaubarlow.com\/wp-content\/uploads\/2012\/08\/La-lutte-des-classes.jpg\" alt=\"\" width=\"280\" height=\"158\" \/><\/a><p id=\"caption-attachment-6504\" class=\"wp-caption-text\">Photo : Jean-Beno\u00eet Nadeau<\/p><\/div>\n<p><em>Une chronique de Jean-Beno\u00eet Nadeau parue chez\u00a0<a href=\"http:\/\/actualites.ca.msn.com\/chroniques\/chroniques.aspx\" target=\"_blank\" data-bitly-type=\"bitly_hover_card\"><em>MSN Actualit\u00e9s<\/em><\/a>.<\/em><\/p>\n<p>Je retourne enfin ce soir \u00e0 mon cours d&rsquo;arabe, \u00e0 l&rsquo;\u00c9cole de langues de l&rsquo;UQAM. Ce serait mentir que de pr\u00e9tendre que c&rsquo;est la joie.<br \/>\nD&rsquo;abord parce que nous aurons seulement cinq semaines pour terminer les dix semaines de la session d&rsquo;hiver. Comme je n&rsquo;ai qu&rsquo;un cours, cela ne me fera que six heures de classe par semaine au lieu de trois. Donc si je me fie \u00e0 ma r\u00e8gle d&rsquo;une heure d&rsquo;\u00e9tude pour chaque heure de cours, cela donne 12 heures par semaine.<br \/>\nEnfin : que voil\u00e0 12 heures bien employ\u00e9es au lieu de perdre mon temps comme je le fais habituellement!<br \/>\nJe sympathise avec les \u00e9tudiants qui cherchent \u00e0 obtenir 15 cr\u00e9dits : cela leur fera 30 heures de classe par semaine, et encore 30 \u00e0 40 heures d&rsquo;\u00e9tudes par-dessus le march\u00e9.<\/p>\n<p><a href=\"http:\/\/actualites.ca.msn.com\/chroniques\/la-lutte-des-classes\" target=\"_blank\" data-bitly-type=\"bitly_hover_card\">Lire la suite \u00bb<\/a><\/p>\n","protected":false},"excerpt":{"rendered":"<p>Une chronique de Jean-Beno\u00eet Nadeau parue chez\u00a0MSN Actualit\u00e9s. Je retourne enfin ce soir \u00e0 mon cours d&rsquo;arabe, \u00e0 l&rsquo;\u00c9cole de langues de l&rsquo;UQAM. Ce serait &#8230;<\/p>\n","protected":false},"author":2,"featured_media":6504,"comment_status":"open","ping_status":"closed","sticky":false,"template":"","format":"standard","meta":[],"categories":[18,72],"tags":[],"_links":{"self":[{"href":"https:\/\/nadeaubarlow.com\/fr\/wp-json\/wp\/v2\/posts\/6503"}],"collection":[{"href":"https:\/\/nadeaubarlow.com\/fr\/wp-json\/wp\/v2\/posts"}],"about":[{"href":"https:\/\/nadeaubarlow.com\/fr\/wp-json\/wp\/v2\/types\/post"}],"author":[{"embeddable":true,"href":"https:\/\/nadeaubarlow.com\/fr\/wp-json\/wp\/v2\/users\/2"}],"replies":[{"embeddable":true,"href":"https:\/\/nadeaubarlow.com\/fr\/wp-json\/wp\/v2\/comments?post=6503"}],"version-history":[{"count":7,"href":"https:\/\/nadeaubarlow.com\/fr\/wp-json\/wp\/v2\/posts\/6503\/revisions"}],"predecessor-version":[{"id":6511,"href":"https:\/\/nadeaubarlow.com\/fr\/wp-json\/wp\/v2\/posts\/6503\/revisions\/6511"}],"wp:featuredmedia":[{"embeddable":true,"href":"https:\/\/nadeaubarlow.com\/fr\/wp-json\/wp\/v2\/media\/6504"}],"wp:attachment":[{"href":"https:\/\/nadeaubarlow.com\/fr\/wp-json\/wp\/v2\/media?parent=6503"}],"wp:term":[{"taxonomy":"category","embeddable":true,"href":"https:\/\/nadeaubarlow.com\/fr\/wp-json\/wp\/v2\/categories?post=6503"},{"taxonomy":"post_tag","embeddable":true,"href":"https:\/\/nadeaubarlow.com\/fr\/wp-json\/wp\/v2\/tags?post=6503"}],"curies":[{"name":"wp","href":"https:\/\/api.w.org\/{rel}","templated":true}]}}