{"id":6110,"date":"2012-07-26T12:54:03","date_gmt":"2012-07-26T16:54:03","guid":{"rendered":"http:\/\/nadeaubarlow.com\/?p=6110"},"modified":"2012-07-26T12:54:03","modified_gmt":"2012-07-26T16:54:03","slug":"repenser-la-loi-101","status":"publish","type":"post","link":"https:\/\/nadeaubarlow.com\/fr\/repenser-la-loi-101\/","title":{"rendered":"Repenser la loi 101"},"content":{"rendered":"<h3 style=\"text-align: center;\">Questions de nos lecteurs<\/h3>\n<p>&nbsp;<\/p>\n<div id=\"attachment_6119\" style=\"width: 317px\" class=\"wp-caption alignleft\"><img aria-describedby=\"caption-attachment-6119\" loading=\"lazy\" class=\" wp-image-6119 \" title=\"Manifestation pour la pr\u00e9servation de la loi 101\" src=\"https:\/\/nadeaubarlow.com\/wp-content\/uploads\/2012\/07\/2012-07-26-Repenser-la-loi-101.jpg\" alt=\"Manifestation pour la pr\u00e9servation de la loi 101\" width=\"307\" height=\"230\" \/><p id=\"caption-attachment-6119\" class=\"wp-caption-text\">Source : www.pieuvre.ca<\/p><\/div>\n<p><span style=\"color: #5e7387;\"><strong>Michel \u00e9crit\u00a0:\u00a0<\/strong><\/span><\/p>\n<p>Je crois aussi qu&rsquo;au Qu\u00e9bec, le fran\u00e7ais n&rsquo;est pas menac\u00e9 de l&rsquo;int\u00e9rieur par la communaut\u00e9 anglo-qu\u00e9b\u00e9coise mais de l&rsquo;ext\u00e9rieur par l&rsquo;id\u00e9e de l&rsquo;anglais comme langue mondiale. (Au niveau local, le d\u00e9fi est beaucoup plus la francisation et l&rsquo;int\u00e9gration des immigrants.)<\/p>\n<p>Lorsque vous faites allusion \u00e0 repenser la loi 101, \u00e0 quels changements pensez-vous?<\/p>\n<p><span style=\"color: #5e7387;\"><strong>Jean-Beno\u00eet r\u00e9pond\u00a0:\u00a0<\/strong><\/span><\/p>\n<p>Nos politiques d&rsquo;am\u00e9nagement linguistique devraient mieux refl\u00e9ter le fait que le fran\u00e7ais au Qu\u00e9bec doit s&rsquo;accommoder non pas d&rsquo;un seul, mais deux probl\u00e8mes. On n&rsquo;est plus seulement dans la r\u00e9alit\u00e9 de la pr\u00e9sence de l&rsquo;anglais (\u00e0 travers une communaut\u00e9 anglophone qui se renouvelle), mais aussi dans un cadre o\u00f9 l&rsquo;anglais est consid\u00e9r\u00e9 comme la langue de commerce international. C&rsquo;\u00e9tait une situation qui commen\u00e7ait \u00e0 se tramer il y a 40 ans, mais qui est devenue \u00e9vidente depuis 20 ans. Comme la loi\u00a0101 a beaucoup d&rsquo;incidence en mati\u00e8re d&rsquo;\u00e9ducation, ce constat devrait aussi en avoir sur la fa\u00e7on dont nous ajustons notre enseignement. Par ailleurs, de fa\u00e7on plus nuanc\u00e9e, je pense que c&rsquo;est une erreur de penser que l&rsquo;anglais est l&rsquo;unique langue de commerce international. Le Qu\u00e9bec tente actuellement de r\u00e9duire sa d\u00e9pendance commerciale vis-\u00e0-vis des \u00c9tats-Unis en cherchant \u00e0 accroitre son commerce en Europe, dans les Am\u00e9riques et en Asie (en n\u00e9gligeant totalement l&rsquo;Afrique). C&rsquo;est donc que les langues seront un enjeu crucial de commerce dans les prochaines 40 ans.<!--more--><\/p>\n<p>Nos politiques devraient aussi mieux tenir compte du fait que, apr\u00e8s 40 ans de loi\u00a0101 et de charte de la langue fran\u00e7aise, les francophones du Qu\u00e9bec ne sont plus seulement des Canadiens fran\u00e7ais, mais des parlants fran\u00e7ais de toutes origines. Je pense notamment aux \u00e9tudes d\u00e9mographiques de Marc Termote et compagnie qui \u00e9tudient toutes sortes d&rsquo;angles quant \u00e0 la langue parl\u00e9e \u00e0 la maison, mais qui n\u00e9gligent de demander simplement aux gens quelles langues ils savent parler et \u00e9crire. J&rsquo;ai pos\u00e9 la question \u00e0 Termote, et il croit que c&rsquo;est une question subjective! Cette diff\u00e9rence est importante parce que les Qu\u00e9b\u00e9cois qui ont une vision strictement ethnique de la langue imaginent qu&rsquo;il n&rsquo;y a que 9 millions de francophones dans les Am\u00e9riques alors que ce nombre avoisine les 30 millions. Il y a donc toute une s\u00e9rie de d\u00e9cisions qui ne se prennent pas du fait d&rsquo;une esp\u00e8ce de myopie statistique qui d\u00e9coule d&rsquo;une myopie identitaire.<\/p>\n<p>Mais de fa\u00e7on plus importante encore, je pense que notre politique linguistique, essentiellement d\u00e9fensive, doit s&rsquo;accompagner d&rsquo;une politique de projection du fran\u00e7ais. Celle-ci est d\u00e9j\u00e0 amorc\u00e9e \u00e0 travers l&rsquo;Association internationale d&rsquo;\u00e9tudes qu\u00e9b\u00e9coises, les actions du Centre de la francophonie des Am\u00e9riques, et les actions culturelles des bureaux du Qu\u00e9bec \u00e0 l&rsquo;\u00e9tranger et dans les autres provinces canadiennes. Mais il faudrait aller beaucoup plus loin. Je ne m&rsquo;avancerai pas davantage car j&rsquo;ai un projet d&rsquo;essai sur la question, que je ne veux pas br\u00fbler, mais il me semble qu&rsquo;il faudrait que l&rsquo;ensemble des d\u00e9cideurs qu\u00e9b\u00e9cois int\u00e8gre mieux cette question.<\/p>\n","protected":false},"excerpt":{"rendered":"<p>Questions de nos lecteurs &nbsp; Michel \u00e9crit\u00a0:\u00a0 Je crois aussi qu&rsquo;au Qu\u00e9bec, le fran\u00e7ais n&rsquo;est pas menac\u00e9 de l&rsquo;int\u00e9rieur par la communaut\u00e9 anglo-qu\u00e9b\u00e9coise mais de &#8230;<\/p>\n","protected":false},"author":2,"featured_media":6119,"comment_status":"open","ping_status":"closed","sticky":false,"template":"","format":"standard","meta":[],"categories":[70],"tags":[],"_links":{"self":[{"href":"https:\/\/nadeaubarlow.com\/fr\/wp-json\/wp\/v2\/posts\/6110"}],"collection":[{"href":"https:\/\/nadeaubarlow.com\/fr\/wp-json\/wp\/v2\/posts"}],"about":[{"href":"https:\/\/nadeaubarlow.com\/fr\/wp-json\/wp\/v2\/types\/post"}],"author":[{"embeddable":true,"href":"https:\/\/nadeaubarlow.com\/fr\/wp-json\/wp\/v2\/users\/2"}],"replies":[{"embeddable":true,"href":"https:\/\/nadeaubarlow.com\/fr\/wp-json\/wp\/v2\/comments?post=6110"}],"version-history":[{"count":12,"href":"https:\/\/nadeaubarlow.com\/fr\/wp-json\/wp\/v2\/posts\/6110\/revisions"}],"predecessor-version":[{"id":6123,"href":"https:\/\/nadeaubarlow.com\/fr\/wp-json\/wp\/v2\/posts\/6110\/revisions\/6123"}],"wp:featuredmedia":[{"embeddable":true,"href":"https:\/\/nadeaubarlow.com\/fr\/wp-json\/wp\/v2\/media\/6119"}],"wp:attachment":[{"href":"https:\/\/nadeaubarlow.com\/fr\/wp-json\/wp\/v2\/media?parent=6110"}],"wp:term":[{"taxonomy":"category","embeddable":true,"href":"https:\/\/nadeaubarlow.com\/fr\/wp-json\/wp\/v2\/categories?post=6110"},{"taxonomy":"post_tag","embeddable":true,"href":"https:\/\/nadeaubarlow.com\/fr\/wp-json\/wp\/v2\/tags?post=6110"}],"curies":[{"name":"wp","href":"https:\/\/api.w.org\/{rel}","templated":true}]}}