{"id":5681,"date":"2012-06-28T10:39:45","date_gmt":"2012-06-28T14:39:45","guid":{"rendered":"http:\/\/nadeaubarlow.com\/?p=5681"},"modified":"2012-12-28T15:39:54","modified_gmt":"2012-12-28T20:39:54","slug":"le-grand-rendez-vous-numerique","status":"publish","type":"post","link":"https:\/\/nadeaubarlow.com\/fr\/le-grand-rendez-vous-numerique\/","title":{"rendered":"Le grand rendez-vous num\u00e9rique"},"content":{"rendered":"<p><em><a href=\"https:\/\/nadeaubarlow.com\/wp-content\/uploads\/2012\/03\/La-ran\u00e7on-de-la-gloire-les-mutations-de-la-langue.jpg\"><img loading=\"lazy\" class=\"alignleft  wp-image-4393\" style=\"border: 0px;\" title=\"Forum mondial de la langue fran\u00e7aise\" src=\"https:\/\/nadeaubarlow.com\/wp-content\/uploads\/2012\/03\/La-ran\u00e7on-de-la-gloire-les-mutations-de-la-langue-243x300.jpg\" alt=\"Forum mondial de la langue fran\u00e7aise\" width=\"170\" height=\"210\" \/><\/a>Une chronique de Jean-Beno\u00eet Nadeau sur\u00a0<a href=\"http:\/\/www.francophonie.org\/Forum-mondial-de-la-langue.html\"><em>le blogue du Forum mondial de la langue fran\u00e7aise<\/em><\/a>.<\/em><\/p>\n<p>Ils \u00e9taient tous deux en r\u00e9flexion profonde sur l\u2019art et le num\u00e9rique lorsque\u00a0<strong>Sylviane Tarsot-Gillery<\/strong>, la directrice g\u00e9n\u00e9rale d\u00e9l\u00e9gu\u00e9e de\u00a0<a href=\"http:\/\/www.institutfrancais.com\/\" target=\"_blank\" data-bitly-type=\"bitly_hover_card\">l\u2019Institut fran\u00e7ais<\/a>, et\u00a0<strong>Yvan Gauthier<\/strong>, le PDG du\u00a0<a href=\"http:\/\/www.calq.gouv.qc.ca\/\" target=\"_blank\" data-bitly-type=\"bitly_hover_card\">Conseil des arts et des lettres du Qu\u00e9bec\u00a0<\/a>se croisent lors du cinquanti\u00e8me anniversaire de la D\u00e9l\u00e9gation g\u00e9n\u00e9rale du Qu\u00e9bec \u00e0 Paris.<\/p>\n<p><strong>Une rencontre fortuite, mais f\u00e9conde. Les deux dirigeants constatent qu\u2019ils se posent les m\u00eames questions : comment faire rayonner la culture francophone sur le Web ? Comment la soutenir ? Comment partager des plateformes de diffusion ?<\/strong><\/p>\n<p>En peu de temps, ils organisent un d\u00e9bat sur l\u2019art \u00e0 l\u2019heure du num\u00e9rique pour Expolangues 2012. \u00c0 Qu\u00e9bec, ils poursuivront leur exploration au forum dans le cadre d\u2019une table ronde sur\u00a0Les Paysages num\u00e9riques des cultures de la francophonie\u00a0(qui sera disponible en webdiffusion).\u00a0<a href=\"https:\/\/nadeaubarlow.com\/wp-content\/uploads\/2012\/12\/2012-06-28-Le-grand-rendez-vous-numerique.pdf\" target=\"_blank\" data-bitly-type=\"bitly_hover_card\">Lire la suite \u00bb<\/a><\/p>\n","protected":false},"excerpt":{"rendered":"<p>Une chronique de Jean-Beno\u00eet Nadeau sur\u00a0le blogue du Forum mondial de la langue fran\u00e7aise. Ils \u00e9taient tous deux en r\u00e9flexion profonde sur l\u2019art et le &#8230;<\/p>\n","protected":false},"author":2,"featured_media":0,"comment_status":"open","ping_status":"closed","sticky":false,"template":"","format":"standard","meta":[],"categories":[18,39,43],"tags":[],"_links":{"self":[{"href":"https:\/\/nadeaubarlow.com\/fr\/wp-json\/wp\/v2\/posts\/5681"}],"collection":[{"href":"https:\/\/nadeaubarlow.com\/fr\/wp-json\/wp\/v2\/posts"}],"about":[{"href":"https:\/\/nadeaubarlow.com\/fr\/wp-json\/wp\/v2\/types\/post"}],"author":[{"embeddable":true,"href":"https:\/\/nadeaubarlow.com\/fr\/wp-json\/wp\/v2\/users\/2"}],"replies":[{"embeddable":true,"href":"https:\/\/nadeaubarlow.com\/fr\/wp-json\/wp\/v2\/comments?post=5681"}],"version-history":[{"count":5,"href":"https:\/\/nadeaubarlow.com\/fr\/wp-json\/wp\/v2\/posts\/5681\/revisions"}],"predecessor-version":[{"id":5683,"href":"https:\/\/nadeaubarlow.com\/fr\/wp-json\/wp\/v2\/posts\/5681\/revisions\/5683"}],"wp:attachment":[{"href":"https:\/\/nadeaubarlow.com\/fr\/wp-json\/wp\/v2\/media?parent=5681"}],"wp:term":[{"taxonomy":"category","embeddable":true,"href":"https:\/\/nadeaubarlow.com\/fr\/wp-json\/wp\/v2\/categories?post=5681"},{"taxonomy":"post_tag","embeddable":true,"href":"https:\/\/nadeaubarlow.com\/fr\/wp-json\/wp\/v2\/tags?post=5681"}],"curies":[{"name":"wp","href":"https:\/\/api.w.org\/{rel}","templated":true}]}}