{"id":5493,"date":"2012-06-13T10:38:48","date_gmt":"2012-06-13T14:38:48","guid":{"rendered":"http:\/\/nadeaubarlow.com\/?p=5493"},"modified":"2012-06-13T10:46:59","modified_gmt":"2012-06-13T14:46:59","slug":"gauche-droite-le-retour","status":"publish","type":"post","link":"https:\/\/nadeaubarlow.com\/fr\/gauche-droite-le-retour\/","title":{"rendered":"Gauche-droite: le retour"},"content":{"rendered":"<div id=\"attachment_5494\" style=\"width: 310px\" class=\"wp-caption alignleft\"><a href=\"http:\/\/on-msn.com\/L7h3v4\" target=\"_blank\"><img aria-describedby=\"caption-attachment-5494\" loading=\"lazy\" class=\"size-medium wp-image-5494\" title=\"Gauche-droite : le retour\" src=\"https:\/\/nadeaubarlow.com\/wp-content\/uploads\/2012\/06\/Gauche-droite-le-retour-300x225.jpg\" alt=\"Gauche-droite : le retour\" width=\"300\" height=\"225\" \/><\/a><p id=\"caption-attachment-5494\" class=\"wp-caption-text\">Photo : Jean-Beno\u00eet Nadeau<\/p><\/div>\n<p><em>Une chronique de Jean-Beno\u00eet Nadeau parue chez\u00a0<a href=\"http:\/\/actualites.ca.msn.com\/chroniques\/chroniques.aspx\" target=\"_blank\" data-bitly-type=\"bitly_hover_card\"><em>MSN Actualit\u00e9s<\/em><\/a>.<\/em><\/p>\n<p>Depuis le d\u00e9but, je me pose une question : comment se fait-il que le PQ profite si peu de la crise \u00e9tudiante &#8211; malgr\u00e9 l&rsquo;impopularit\u00e9 de Jean Charest?<br \/>\nQuand bien m\u00eame Pauline Marois adopterait Nadeau-Dubois et Bureau-Blouin comme ses fils, \u00e7a ne passe pas.<br \/>\nEt puis l&rsquo;\u00e9vidence m&rsquo;a frapp\u00e9 la semaine derni\u00e8re : la crise \u00e9tudiante agit comme le r\u00e9v\u00e9lateur d&rsquo;une r\u00e9organisation en profondeur de la politique qu\u00e9b\u00e9coise.<\/p>\n<p>Ce qui change, c&rsquo;est le retour du bon vieux clivage gauche-droite, qui repousse dans les c\u00e2bles le clivage souverainiste-f\u00e9d\u00e9raliste, cette anomalie qui a tenu la politique qu\u00e9b\u00e9coise en otage depuis 40 ans.<br \/>\nCette petite r\u00e9volution politique n&rsquo;est pas, en soit, une raison de dire merci aux \u00abgr\u00e9vistes\u00bb, car nous participons tous de cette r\u00e9organisation, qui est forc\u00e9ment d\u00e9rangeante et d\u00e9sordonn\u00e9e comme toutes les r\u00e9volutions politiques.\u00a0<a href=\"http:\/\/on-msn.com\/L7h3v4\" target=\"_blank\" data-bitly-type=\"bitly_hover_card\">Lire la suite \u00bb<\/a><\/p>\n<p>&nbsp;<\/p>\n","protected":false},"excerpt":{"rendered":"<p>Une chronique de Jean-Beno\u00eet Nadeau parue chez\u00a0MSN Actualit\u00e9s. Depuis le d\u00e9but, je me pose une question : comment se fait-il que le PQ profite si &#8230;<\/p>\n","protected":false},"author":2,"featured_media":5494,"comment_status":"open","ping_status":"closed","sticky":false,"template":"","format":"standard","meta":[],"categories":[18,72],"tags":[],"_links":{"self":[{"href":"https:\/\/nadeaubarlow.com\/fr\/wp-json\/wp\/v2\/posts\/5493"}],"collection":[{"href":"https:\/\/nadeaubarlow.com\/fr\/wp-json\/wp\/v2\/posts"}],"about":[{"href":"https:\/\/nadeaubarlow.com\/fr\/wp-json\/wp\/v2\/types\/post"}],"author":[{"embeddable":true,"href":"https:\/\/nadeaubarlow.com\/fr\/wp-json\/wp\/v2\/users\/2"}],"replies":[{"embeddable":true,"href":"https:\/\/nadeaubarlow.com\/fr\/wp-json\/wp\/v2\/comments?post=5493"}],"version-history":[{"count":4,"href":"https:\/\/nadeaubarlow.com\/fr\/wp-json\/wp\/v2\/posts\/5493\/revisions"}],"predecessor-version":[{"id":5496,"href":"https:\/\/nadeaubarlow.com\/fr\/wp-json\/wp\/v2\/posts\/5493\/revisions\/5496"}],"wp:featuredmedia":[{"embeddable":true,"href":"https:\/\/nadeaubarlow.com\/fr\/wp-json\/wp\/v2\/media\/5494"}],"wp:attachment":[{"href":"https:\/\/nadeaubarlow.com\/fr\/wp-json\/wp\/v2\/media?parent=5493"}],"wp:term":[{"taxonomy":"category","embeddable":true,"href":"https:\/\/nadeaubarlow.com\/fr\/wp-json\/wp\/v2\/categories?post=5493"},{"taxonomy":"post_tag","embeddable":true,"href":"https:\/\/nadeaubarlow.com\/fr\/wp-json\/wp\/v2\/tags?post=5493"}],"curies":[{"name":"wp","href":"https:\/\/api.w.org\/{rel}","templated":true}]}}