{"id":5285,"date":"2012-05-24T14:07:46","date_gmt":"2012-05-24T18:07:46","guid":{"rendered":"http:\/\/nadeaubarlow.com\/?p=5285"},"modified":"2012-05-24T15:11:10","modified_gmt":"2012-05-24T19:11:10","slug":"trinh-xuan-thuan-une-etoile-est-nee","status":"publish","type":"post","link":"https:\/\/nadeaubarlow.com\/fr\/trinh-xuan-thuan-une-etoile-est-nee\/","title":{"rendered":"Trinh Xuan Thuan : Une \u00e9toile est n\u00e9e"},"content":{"rendered":"<div id=\"attachment_5286\" style=\"width: 310px\" class=\"wp-caption alignleft\"><a href=\"https:\/\/nadeaubarlow.com\/wp-content\/uploads\/2012\/05\/2012-05-24-Trinh-Xuan-Thuan.jpg\"><img aria-describedby=\"caption-attachment-5286\" loading=\"lazy\" class=\"size-medium wp-image-5286\" title=\"Trinh Xuan Thuan\" src=\"https:\/\/nadeaubarlow.com\/wp-content\/uploads\/2012\/05\/2012-05-24-Trinh-Xuan-Thuan-300x199.jpg\" alt=\"Trinh Xuan Thuan\" width=\"300\" height=\"199\" \/><\/a><p id=\"caption-attachment-5286\" class=\"wp-caption-text\">Photo :  AFP\/Archives - Bertrand Guay<\/p><\/div>\n<p>L&rsquo;astrophysicien am\u00e9ricain <a href=\"http:\/\/www.trinhxuanthuan.com\/indexfr.htm\" target=\"_blank\">Trinh Xuan Thuan<\/a> vient de recevoir le prestigieux <strong>Prix mondial de la Fondation Simone et Cino del Duca<\/strong><strong> <\/strong><strong>\/Institut de France<\/strong> pour son oeuvre de vulgarisation en fran\u00e7ais.<\/p>\n<p>Francophone d&rsquo;origine vietnamienne, ce sp\u00e9cialiste de l&rsquo;astronomie extragalactique est professeur d&rsquo;astrophysique \u00e0 l&rsquo;universit\u00e9 de Virginie et chercheur \u00e0 l&rsquo;Institut d&rsquo;astrophysique de Paris.<\/p>\n<p>Ce prix, d&rsquo;une valeur de 300 000 euros (400 000 dollars canadiens), lui sera remis le 6 juin sous la coupole de <a href=\"http:\/\/www.grands-prix-institut-de-france.fr\/le-programme-de-la-seance\" target=\"_blank\">l&rsquo;Institut de France<\/a>, \u00e0 Paris.<\/p>\n","protected":false},"excerpt":{"rendered":"<p>L&rsquo;astrophysicien am\u00e9ricain Trinh Xuan Thuan vient de recevoir le prestigieux Prix mondial de la Fondation Simone et Cino del Duca \/Institut de France pour son &#8230;<\/p>\n","protected":false},"author":2,"featured_media":5286,"comment_status":"open","ping_status":"closed","sticky":false,"template":"","format":"standard","meta":[],"categories":[18,43],"tags":[],"_links":{"self":[{"href":"https:\/\/nadeaubarlow.com\/fr\/wp-json\/wp\/v2\/posts\/5285"}],"collection":[{"href":"https:\/\/nadeaubarlow.com\/fr\/wp-json\/wp\/v2\/posts"}],"about":[{"href":"https:\/\/nadeaubarlow.com\/fr\/wp-json\/wp\/v2\/types\/post"}],"author":[{"embeddable":true,"href":"https:\/\/nadeaubarlow.com\/fr\/wp-json\/wp\/v2\/users\/2"}],"replies":[{"embeddable":true,"href":"https:\/\/nadeaubarlow.com\/fr\/wp-json\/wp\/v2\/comments?post=5285"}],"version-history":[{"count":7,"href":"https:\/\/nadeaubarlow.com\/fr\/wp-json\/wp\/v2\/posts\/5285\/revisions"}],"predecessor-version":[{"id":5301,"href":"https:\/\/nadeaubarlow.com\/fr\/wp-json\/wp\/v2\/posts\/5285\/revisions\/5301"}],"wp:featuredmedia":[{"embeddable":true,"href":"https:\/\/nadeaubarlow.com\/fr\/wp-json\/wp\/v2\/media\/5286"}],"wp:attachment":[{"href":"https:\/\/nadeaubarlow.com\/fr\/wp-json\/wp\/v2\/media?parent=5285"}],"wp:term":[{"taxonomy":"category","embeddable":true,"href":"https:\/\/nadeaubarlow.com\/fr\/wp-json\/wp\/v2\/categories?post=5285"},{"taxonomy":"post_tag","embeddable":true,"href":"https:\/\/nadeaubarlow.com\/fr\/wp-json\/wp\/v2\/tags?post=5285"}],"curies":[{"name":"wp","href":"https:\/\/api.w.org\/{rel}","templated":true}]}}