{"id":4901,"date":"2012-05-01T16:43:44","date_gmt":"2012-05-01T20:43:44","guid":{"rendered":"http:\/\/nadeaubarlow.com\/?p=4901"},"modified":"2012-12-28T16:27:44","modified_gmt":"2012-12-28T21:27:44","slug":"acfas-la-science-en-francais","status":"publish","type":"post","link":"https:\/\/nadeaubarlow.com\/fr\/acfas-la-science-en-francais\/","title":{"rendered":"Acfas : la science en fran\u00e7ais"},"content":{"rendered":"<p><em>Une chronique de Jean-Beno\u00eet Nadeau sur\u00a0<a href=\"http:\/\/www.francophonie.org\/Forum-mondial-de-la-langue.html\" target=\"_blank\"><em>le blogue du Forum mondial de la langue fran\u00e7aise<\/em><\/a>.<\/em><\/p>\n<p>Le hasard a voulu que je tombe vendredi sur l\u2019<strong>Acfas<\/strong>, en la personne de son pr\u00e9sident,\u00a0<strong>Pierre Noreau<\/strong>, que j\u2019interviewais pour un tout autre dossier.<\/p>\n<p><strong>L\u2019Acfas, mais \u00ab qu\u2019est-ce que \u00e7a mange en hiver ? \u00bb<\/strong>\u00a0\u2014 comme le diraient les Qu\u00e9b\u00e9cois.<\/p>\n<p>Cette v\u00e9n\u00e9rable organisation, qui c\u00e9l\u00e8bre ses\u00a0<strong>89 ans<\/strong>\u00a0cette ann\u00e9e, est l\u2019ancienne \u00ab Association canadienne-fran\u00e7aise pour l\u2019avancement des sciences \u00bb, rebaptis\u00e9e\u00a0<a href=\"http:\/\/www.acfas.ca\/\" target=\"_blank\"><em>Association francophone pour le savoir<\/em>\u00a0<\/a>en 2001.<\/p>\n<p><strong>Du 7 au 11 mai, l\u2019Acfas tiendra \u00e0 Montr\u00e9al son 80<sup>e<\/sup>\u00a0congr\u00e8s annuel<\/strong>. C\u2019est l\u2019un des\u00a0\u00e9v\u00e9nements pr\u00e9paratoires du Forum mondial de la langue fran\u00e7aise\u00a0et \u2013 surtout \u2013\u00a0<strong>le plus grand rassemblement scientifique multidisciplinaire du monde francophone<\/strong>. \u00a0<a href=\"https:\/\/nadeaubarlow.com\/wp-content\/uploads\/2012\/12\/2012-05-01-Acfas-la-science-en-francais.pdf\" target=\"_blank\"><br \/>\nLire la suite \u00bb<\/a><\/p>\n","protected":false},"excerpt":{"rendered":"<p>Une chronique de Jean-Beno\u00eet Nadeau sur\u00a0le blogue du Forum mondial de la langue fran\u00e7aise. Le hasard a voulu que je tombe vendredi sur l\u2019Acfas, en &#8230;<\/p>\n","protected":false},"author":2,"featured_media":4903,"comment_status":"open","ping_status":"closed","sticky":false,"template":"","format":"standard","meta":[],"categories":[18,39,43],"tags":[],"_links":{"self":[{"href":"https:\/\/nadeaubarlow.com\/fr\/wp-json\/wp\/v2\/posts\/4901"}],"collection":[{"href":"https:\/\/nadeaubarlow.com\/fr\/wp-json\/wp\/v2\/posts"}],"about":[{"href":"https:\/\/nadeaubarlow.com\/fr\/wp-json\/wp\/v2\/types\/post"}],"author":[{"embeddable":true,"href":"https:\/\/nadeaubarlow.com\/fr\/wp-json\/wp\/v2\/users\/2"}],"replies":[{"embeddable":true,"href":"https:\/\/nadeaubarlow.com\/fr\/wp-json\/wp\/v2\/comments?post=4901"}],"version-history":[{"count":7,"href":"https:\/\/nadeaubarlow.com\/fr\/wp-json\/wp\/v2\/posts\/4901\/revisions"}],"predecessor-version":[{"id":4905,"href":"https:\/\/nadeaubarlow.com\/fr\/wp-json\/wp\/v2\/posts\/4901\/revisions\/4905"}],"wp:featuredmedia":[{"embeddable":true,"href":"https:\/\/nadeaubarlow.com\/fr\/wp-json\/wp\/v2\/media\/4903"}],"wp:attachment":[{"href":"https:\/\/nadeaubarlow.com\/fr\/wp-json\/wp\/v2\/media?parent=4901"}],"wp:term":[{"taxonomy":"category","embeddable":true,"href":"https:\/\/nadeaubarlow.com\/fr\/wp-json\/wp\/v2\/categories?post=4901"},{"taxonomy":"post_tag","embeddable":true,"href":"https:\/\/nadeaubarlow.com\/fr\/wp-json\/wp\/v2\/tags?post=4901"}],"curies":[{"name":"wp","href":"https:\/\/api.w.org\/{rel}","templated":true}]}}