{"id":4156,"date":"2012-03-01T10:22:43","date_gmt":"2012-03-01T15:22:43","guid":{"rendered":"http:\/\/nadeaubarlow.com\/?p=4156"},"modified":"2012-12-28T16:52:14","modified_gmt":"2012-12-28T21:52:14","slug":"le-poids-de-la-langue","status":"publish","type":"post","link":"https:\/\/nadeaubarlow.com\/fr\/le-poids-de-la-langue\/","title":{"rendered":"Le poids de la langue"},"content":{"rendered":"<p><em><\/a>Une chronique de Jean-Beno\u00eet Nadeau sur\u00a0<a href=\"http:\/\/www.francophonie.org\/Forum-mondial-de-la-langue.html\" target=\"_blank\"><em>le blogue du Forum mondial de la langue fran\u00e7aise<\/em><\/a>.<\/em><\/p>\n<p>Pour qui s\u2019int\u00e9resse \u00e0 la place de la langue fran\u00e7aise dans le monde, l\u2019un des sites Web les plus fascinants est certainement\u00a0<em>Le barom\u00e8tre Calvet des langues du monde<\/em>. Cet outil de mesure, con\u00e7u par les professeurs\u00a0<strong>Alain et Louis-Jean Calvet<\/strong>, \u00e9value le degr\u00e9 d\u2019influence de 137 langues selon dix crit\u00e8res, et non pas seulement le nombre de locuteurs.<\/p>\n<p>Le\u00a0<strong>fran\u00e7ais en sort bon deuxi\u00e8me<\/strong>, assez loin derri\u00e8re l\u2019anglais, mais sur un palier qui le place presque nez \u00e0 nez avec l\u2019espagnol et l\u2019allemand, mais tr\u00e8s nettement avant l\u2019arabe, le russe le mandarin, le portugais, et l\u2019hindi. Il ressort de cela que\u00a0<strong>l\u2019influence r\u00e9elle d\u2019une langue n\u2019est pas l\u2019affaire de quelques nombres bruts<\/strong>. D\u2019ailleurs, le barom\u00e8tre Calvet montre bien que certaines \u00ab petites \u00bb langues comme le n\u00e9erlandais, le su\u00e9dois, l\u2019italien, le polonais, le catalan font tr\u00e8s bonne figure et ne sont pas \u00ab petites \u00bb du tout.\u00a0<a href=\"https:\/\/nadeaubarlow.com\/wp-content\/uploads\/2012\/12\/2012-03-01-Le-poids-de-la-langue.pdf\" target=\"_blank\">Lire la suite \u00bb<\/a><\/p>\n","protected":false},"excerpt":{"rendered":"<p>Une chronique de Jean-Beno\u00eet Nadeau sur\u00a0le blogue du Forum mondial de la langue fran\u00e7aise. Pour qui s\u2019int\u00e9resse \u00e0 la place de la langue fran\u00e7aise dans &#8230;<\/p>\n","protected":false},"author":2,"featured_media":4157,"comment_status":"open","ping_status":"closed","sticky":false,"template":"","format":"standard","meta":[],"categories":[18,39,43],"tags":[],"_links":{"self":[{"href":"https:\/\/nadeaubarlow.com\/fr\/wp-json\/wp\/v2\/posts\/4156"}],"collection":[{"href":"https:\/\/nadeaubarlow.com\/fr\/wp-json\/wp\/v2\/posts"}],"about":[{"href":"https:\/\/nadeaubarlow.com\/fr\/wp-json\/wp\/v2\/types\/post"}],"author":[{"embeddable":true,"href":"https:\/\/nadeaubarlow.com\/fr\/wp-json\/wp\/v2\/users\/2"}],"replies":[{"embeddable":true,"href":"https:\/\/nadeaubarlow.com\/fr\/wp-json\/wp\/v2\/comments?post=4156"}],"version-history":[{"count":7,"href":"https:\/\/nadeaubarlow.com\/fr\/wp-json\/wp\/v2\/posts\/4156\/revisions"}],"predecessor-version":[{"id":7670,"href":"https:\/\/nadeaubarlow.com\/fr\/wp-json\/wp\/v2\/posts\/4156\/revisions\/7670"}],"wp:featuredmedia":[{"embeddable":true,"href":"https:\/\/nadeaubarlow.com\/fr\/wp-json\/wp\/v2\/media\/4157"}],"wp:attachment":[{"href":"https:\/\/nadeaubarlow.com\/fr\/wp-json\/wp\/v2\/media?parent=4156"}],"wp:term":[{"taxonomy":"category","embeddable":true,"href":"https:\/\/nadeaubarlow.com\/fr\/wp-json\/wp\/v2\/categories?post=4156"},{"taxonomy":"post_tag","embeddable":true,"href":"https:\/\/nadeaubarlow.com\/fr\/wp-json\/wp\/v2\/tags?post=4156"}],"curies":[{"name":"wp","href":"https:\/\/api.w.org\/{rel}","templated":true}]}}