{"id":3808,"date":"2012-01-23T12:45:37","date_gmt":"2012-01-23T17:45:37","guid":{"rendered":"http:\/\/nadeaubarlow.com\/?p=3808"},"modified":"2012-12-28T17:08:52","modified_gmt":"2012-12-28T22:08:52","slug":"nouvelle-chronique-signee-jean-benoit-nadeau","status":"publish","type":"post","link":"https:\/\/nadeaubarlow.com\/fr\/nouvelle-chronique-signee-jean-benoit-nadeau\/","title":{"rendered":"Nouvelle chronique sign\u00e9e Jean-Beno\u00eet Nadeau"},"content":{"rendered":"<p><a href=\"https:\/\/nadeaubarlow.com\/wp-content\/uploads\/2012\/01\/2012-01-23-Forum-Francophonie-2012.png\"><img loading=\"lazy\" class=\"alignleft  wp-image-3803\" title=\"Forum-Francophonie-2012\" src=\"https:\/\/nadeaubarlow.com\/wp-content\/uploads\/2012\/01\/2012-01-23-Forum-Francophonie-2012-300x231.png\" alt=\"Jean-Beno\u00eet Nadeau et le Forum mondial de la langue fran\u00e7aise\" width=\"240\" height=\"185\" \/><\/a>\u00c0 compter d\u2019aujourd\u2019hui,  agira comme r\u00e9dacteur en chef du <a href=\"http:\/\/www.francophonie.org\/Forum-mondial-de-la-langue.html\" target=\"_blank\">blogue du Forum mondial de la langue fran\u00e7aise<\/a>. Il y tiendra une chronique hebdomadaire sur la langue et la culture des francophones du monde entier, et animera le blogue d\u2019informations nouvelles et d\u2019entrevues percutantes sous forme de textes, de photo et de vid\u00e9o. Si vous voulez lire autre chose que les habituels g\u00e9missements du Choeur-des-Pleureuses-de-la-langue-fran\u00e7aise, c\u2019est un rendez-vous \u00e0 ne pas manquer!<\/p>\n<p style=\"text-align: right;\">\u00c0 propos du Forum: \u00a0<a href=\"http:\/\/www.francophonie.org\/Forum-mondial-de-la-langue.html\" target=\"_blank\">www.forumfrancophonie2012.org<\/a><\/p>\n<div id=\"attachment_6015\" style=\"width: 624px\" class=\"wp-caption alignleft\"><a href=\"https:\/\/nadeaubarlow.com\/wp-content\/uploads\/2012\/05\/2012-07-02-Jean-Benoit-au-FMLF.jpg\"><img aria-describedby=\"caption-attachment-6015\" loading=\"lazy\" class=\" wp-image-6015   \" title=\"Jean-Beno\u00eet au Forum mondial de la langue fran\u00e7aise\" src=\"https:\/\/nadeaubarlow.com\/wp-content\/uploads\/2012\/05\/2012-07-02-Jean-Benoit-au-FMLF-1024x682.jpg\" alt=\"Jean-Beno\u00eet au Forum mondial de la langue fran\u00e7aise\" width=\"614\" height=\"409\" \/><\/a><p id=\"caption-attachment-6015\" class=\"wp-caption-text\"><strong>Jean-Beno\u00eet Nadeau dans la salle de presse du Forum mondial de la langue fran\u00e7aise qui s&rsquo;est tenu du 2 au 6 juillet 2012 \u00e0 Qu\u00e9bec<\/strong><\/p><\/div>\n","protected":false},"excerpt":{"rendered":"<p>\u00c0 compter d\u2019aujourd\u2019hui, agira comme r\u00e9dacteur en chef du blogue du Forum mondial de la langue fran\u00e7aise. Il y tiendra une chronique hebdomadaire sur la &#8230;<\/p>\n","protected":false},"author":2,"featured_media":0,"comment_status":"open","ping_status":"closed","sticky":false,"template":"","format":"standard","meta":[],"categories":[18,39,43],"tags":[],"_links":{"self":[{"href":"https:\/\/nadeaubarlow.com\/fr\/wp-json\/wp\/v2\/posts\/3808"}],"collection":[{"href":"https:\/\/nadeaubarlow.com\/fr\/wp-json\/wp\/v2\/posts"}],"about":[{"href":"https:\/\/nadeaubarlow.com\/fr\/wp-json\/wp\/v2\/types\/post"}],"author":[{"embeddable":true,"href":"https:\/\/nadeaubarlow.com\/fr\/wp-json\/wp\/v2\/users\/2"}],"replies":[{"embeddable":true,"href":"https:\/\/nadeaubarlow.com\/fr\/wp-json\/wp\/v2\/comments?post=3808"}],"version-history":[{"count":12,"href":"https:\/\/nadeaubarlow.com\/fr\/wp-json\/wp\/v2\/posts\/3808\/revisions"}],"predecessor-version":[{"id":7682,"href":"https:\/\/nadeaubarlow.com\/fr\/wp-json\/wp\/v2\/posts\/3808\/revisions\/7682"}],"wp:attachment":[{"href":"https:\/\/nadeaubarlow.com\/fr\/wp-json\/wp\/v2\/media?parent=3808"}],"wp:term":[{"taxonomy":"category","embeddable":true,"href":"https:\/\/nadeaubarlow.com\/fr\/wp-json\/wp\/v2\/categories?post=3808"},{"taxonomy":"post_tag","embeddable":true,"href":"https:\/\/nadeaubarlow.com\/fr\/wp-json\/wp\/v2\/tags?post=3808"}],"curies":[{"name":"wp","href":"https:\/\/api.w.org\/{rel}","templated":true}]}}