{"id":2780,"date":"2011-10-13T16:49:42","date_gmt":"2011-10-13T20:49:42","guid":{"rendered":"http:\/\/nadeaubarlow.com\/?p=2780"},"modified":"2012-03-05T14:02:03","modified_gmt":"2012-03-05T19:02:03","slug":"le-jerriais","status":"publish","type":"post","link":"https:\/\/nadeaubarlow.com\/fr\/le-jerriais\/","title":{"rendered":"Le j\u00e8rriais : l\u2019un des derniers exemples du vieux dialecte normand"},"content":{"rendered":"<h3><a href=\"http:\/\/en.wikipedia.org\/wiki\/File:Sign_English_J%C3%A8rriais_at_La_Hougue_Bie.jpg\" target=\"_blank\"><img loading=\"lazy\" class=\"size-medium wp-image-2781 alignleft\" title=\"Le J\u00e8rriais\" src=\"https:\/\/nadeaubarlow.com\/wp-content\/uploads\/2011\/10\/111013-J\u00e8rriais-221x300.jpg\" alt=\"\" width=\"221\" height=\"300\" \/><\/a>Extrait du livre <a href=\"https:\/\/nadeaubarlow.com\/le-francais-quelle-histoire\/\" target=\"_blank\"><em>Le fran\u00e7ais, quelle histoire!<\/em><\/a> (Chapitre 2)<\/h3>\n<p>En avril 2004, Jean-Beno\u00eet s\u2019est embarqu\u00e9 \u00e0 Saint-Malo pour faire un voyage dans le temps \u00e0 Jersey. Cette \u00eele de la Manche, situ\u00e9e \u00e0 seulement seize kilom\u00e8tres de la c\u00f4te normande, est une sorte de petite Normandie r\u00eav\u00e9e, aux tonalit\u00e9s bucoliques, o\u00f9 de petits sentiers s\u2019entrecroisent dans un bocage magnifiquement d\u00e9pourvu de pr\u00e9tention, entre ses vertes vall\u00e9es, ses vieux murs et ses monuments. \u00c0 mar\u00e9e basse, elle s\u2019\u00e9tend sur environ quatorze kilom\u00e8tres sur dix.\u00a0<!--more--><\/p>\n<p>La plupart des passagers du navire \u00e9taient des touristes qui faisaient un retour aux sources ou se dirigeaient vers leur compte en banque. Jersey, d\u00e9pendance de la Couronne britannique, est en effet un paradis fiscal qui h\u00e9berge cinq fois plus de capitaux \u00e9trangers que Monaco. Comme cette derni\u00e8re, elle a d\u00e9croch\u00e9 ce r\u00f4le gr\u00e2ce \u00e0 son emplacement id\u00e9al \u2013 proche de la France, mais hors de l\u2019Union europ\u00e9enne \u2013 et son vieux droit anglo-normand qui s\u2019av\u00e8re particuli\u00e8rement bien adapt\u00e9 \u00e0 la fuite de capitaux.<\/p>\n<p>Seul touriste linguistique parmi la centaine de passagers, Jean- Beno\u00eet s\u2019en allait \u00e0 Jersey pour converser avec des locuteurs du jersiais, une vari\u00e9t\u00e9 locale du normand. Son but n\u2019\u00e9tait pas d\u2019examiner une relique linguistique, mais plut\u00f4t de faire l\u2019exp\u00e9rience ethnologique du contact linguistique entre deux langues apparent\u00e9es.<\/p>\n<p>Pour une oreille non exerc\u00e9e, le <em>j\u00e8rriais <\/em>(le jersiais, en jersiais) <em>sonne<\/em> comme du fran\u00e7ais mal prononc\u00e9, bien qu\u2019il s\u2019agisse d\u2019une langue \u00e0 proprement parler, l\u2019un des derniers exemples du vieux dialecte normand. Le jersiais a sa phon\u00e9tique, sa syntaxe et son lexique. L\u2019une de ses caract\u00e9ristiques les plus frappantes tient dans son usage du son <em>th<\/em>, courant en anglais mais inexistant en fran\u00e7ais. Au lieu de p\u00e8re, m\u00e8re et fr\u00e8re, les locuteurs du jersiais disent<em> paithe<\/em>, <em>maithe<\/em> et<em> fraithe<\/em>. <em>Litt\u00e9rature<\/em> se dit (et s\u2019\u00e9crit) <em>litt\u00e9thatuthe<\/em>. Certaines phrases sont parfaitement identiques au fran\u00e7ais, d\u2019autres sont quasi inintelligibles, comme <em>Clyiquez ich\u00een pouor d\u00each\u00e8rgi l\u2019corrigeux d\u2019\u00eacrithie<\/em> (traduction : cliquez ici pour t\u00e9l\u00e9charger le correcteur d\u2019\u00e9criture).<\/p>\n<p>En fait, les trois quarts du vocabulaire et de la grammaire du fran\u00e7ais et du jersiais sont communs, ce qui est \u00e9norme. Un francophone ayant une bonne oreille et une bonne tol\u00e9rance pour les variations comprendra donc facilement la plus grande partie de la conversation.<\/p>\n<p style=\"text-align: right;\"><span style=\"font-size: 15px; font-weight: 800;\"><br \/>\n<\/span><\/p>\n","protected":false},"excerpt":{"rendered":"<p>Extrait du livre Le fran\u00e7ais, quelle histoire! (Chapitre 2) En avril 2004, Jean-Beno\u00eet s\u2019est embarqu\u00e9 \u00e0 Saint-Malo pour faire un voyage dans le temps \u00e0 &#8230;<\/p>\n","protected":false},"author":2,"featured_media":2781,"comment_status":"open","ping_status":"closed","sticky":false,"template":"","format":"standard","meta":[],"categories":[18,39],"tags":[],"_links":{"self":[{"href":"https:\/\/nadeaubarlow.com\/fr\/wp-json\/wp\/v2\/posts\/2780"}],"collection":[{"href":"https:\/\/nadeaubarlow.com\/fr\/wp-json\/wp\/v2\/posts"}],"about":[{"href":"https:\/\/nadeaubarlow.com\/fr\/wp-json\/wp\/v2\/types\/post"}],"author":[{"embeddable":true,"href":"https:\/\/nadeaubarlow.com\/fr\/wp-json\/wp\/v2\/users\/2"}],"replies":[{"embeddable":true,"href":"https:\/\/nadeaubarlow.com\/fr\/wp-json\/wp\/v2\/comments?post=2780"}],"version-history":[{"count":27,"href":"https:\/\/nadeaubarlow.com\/fr\/wp-json\/wp\/v2\/posts\/2780\/revisions"}],"predecessor-version":[{"id":2817,"href":"https:\/\/nadeaubarlow.com\/fr\/wp-json\/wp\/v2\/posts\/2780\/revisions\/2817"}],"wp:featuredmedia":[{"embeddable":true,"href":"https:\/\/nadeaubarlow.com\/fr\/wp-json\/wp\/v2\/media\/2781"}],"wp:attachment":[{"href":"https:\/\/nadeaubarlow.com\/fr\/wp-json\/wp\/v2\/media?parent=2780"}],"wp:term":[{"taxonomy":"category","embeddable":true,"href":"https:\/\/nadeaubarlow.com\/fr\/wp-json\/wp\/v2\/categories?post=2780"},{"taxonomy":"post_tag","embeddable":true,"href":"https:\/\/nadeaubarlow.com\/fr\/wp-json\/wp\/v2\/tags?post=2780"}],"curies":[{"name":"wp","href":"https:\/\/api.w.org\/{rel}","templated":true}]}}