{"id":2360,"date":"2011-08-31T10:19:17","date_gmt":"2011-08-31T14:19:17","guid":{"rendered":"http:\/\/nadeaubarlow.com\/?p=2360"},"modified":"2011-08-31T10:30:07","modified_gmt":"2011-08-31T14:30:07","slug":"legault-dans-le-retroviseur","status":"publish","type":"post","link":"https:\/\/nadeaubarlow.com\/fr\/legault-dans-le-retroviseur\/","title":{"rendered":"Legault dans le r\u00e9troviseur"},"content":{"rendered":"<p><strong>Peut-on penser l\u2019avenir en ne regardant que dans le r\u00e9troviseur?<\/strong><\/p>\n<p><em>Une chronique de Jean-Beno\u00eet Nadeau parue chez\u00a0<em><a href=\"http:\/\/actualites.ca.msn.com\/chroniques\/chroniques.aspx\" target=\"_blank\">MSN Actualit\u00e9s<\/a><\/em><\/em><\/p>\n<div id=\"attachment_2361\" style=\"width: 238px\" class=\"wp-caption alignleft\"><a href=\"http:\/\/actualites.ca.msn.com\/chroniques\/legault-dans-le-r%C3%A9troviseur\" target=\"_blank\"><img aria-describedby=\"caption-attachment-2361\" loading=\"lazy\" class=\"size-full wp-image-2361  \" title=\" Fran\u00e7ois Legault \" src=\"https:\/\/nadeaubarlow.com\/wp-content\/uploads\/2011\/08\/Jacques-Boissinot.jpg\" alt=\"\" width=\"228\" height=\"175\" \/><\/a><p id=\"caption-attachment-2361\" class=\"wp-caption-text\">La Presse Canadienne-Jacques Boissinot<\/p><\/div>\n<p>\u00c0 vous voir vous \u00e9nerver avec Fran\u00e7ois Legault et les intentions de vote qu&rsquo;il obtient alors qu&rsquo;il n&rsquo;a pas de parti et qu&rsquo;il n&rsquo;est officiellement candidat de rien, je me serais attendu au Messie.<\/p>\n<p>Aussi ai-je port\u00e9 une attention sp\u00e9ciale \u00e0\u00a0<a href=\"http:\/\/www.coalitionavenir.org\/auteurs\/francois-legault.php\" target=\"_blank\">sa derni\u00e8re sortie<\/a> sur la langue et la culture, sujet que je connais tr\u00e8s bien, et j&rsquo;ai \u00e9t\u00e9 \u00e9tonn\u00e9 par l&rsquo;indigence de ses id\u00e9es en la mati\u00e8re.<\/p>\n<p>Quoi, c&rsquo;est \u00e0 lui que vous trouvez de la vision? Son propos se r\u00e9sume \u00e0 une id\u00e9e &#8211; le recul du fran\u00e7ais au Qu\u00e9bec &#8211; cette vieille carne \u00e9cul\u00e9e \u00e0 force d&rsquo;\u00eatre galvaud\u00e9e. \u00a0\u00a0<a href=\"http:\/\/actualites.ca.msn.com\/chroniques\/legault-dans-le-r%C3%A9troviseur\" target=\"_blank\">Lire la suite \u00bb<\/a><\/p>\n<p><em><em><br \/>\n<\/em><\/em><\/p>\n","protected":false},"excerpt":{"rendered":"<p>Peut-on penser l\u2019avenir en ne regardant que dans le r\u00e9troviseur? Une chronique de Jean-Beno\u00eet Nadeau parue chez\u00a0MSN Actualit\u00e9s \u00c0 vous voir vous \u00e9nerver avec Fran\u00e7ois &#8230;<\/p>\n","protected":false},"author":2,"featured_media":2361,"comment_status":"open","ping_status":"closed","sticky":false,"template":"","format":"standard","meta":[],"categories":[18,42],"tags":[],"_links":{"self":[{"href":"https:\/\/nadeaubarlow.com\/fr\/wp-json\/wp\/v2\/posts\/2360"}],"collection":[{"href":"https:\/\/nadeaubarlow.com\/fr\/wp-json\/wp\/v2\/posts"}],"about":[{"href":"https:\/\/nadeaubarlow.com\/fr\/wp-json\/wp\/v2\/types\/post"}],"author":[{"embeddable":true,"href":"https:\/\/nadeaubarlow.com\/fr\/wp-json\/wp\/v2\/users\/2"}],"replies":[{"embeddable":true,"href":"https:\/\/nadeaubarlow.com\/fr\/wp-json\/wp\/v2\/comments?post=2360"}],"version-history":[{"count":6,"href":"https:\/\/nadeaubarlow.com\/fr\/wp-json\/wp\/v2\/posts\/2360\/revisions"}],"predecessor-version":[{"id":2367,"href":"https:\/\/nadeaubarlow.com\/fr\/wp-json\/wp\/v2\/posts\/2360\/revisions\/2367"}],"wp:featuredmedia":[{"embeddable":true,"href":"https:\/\/nadeaubarlow.com\/fr\/wp-json\/wp\/v2\/media\/2361"}],"wp:attachment":[{"href":"https:\/\/nadeaubarlow.com\/fr\/wp-json\/wp\/v2\/media?parent=2360"}],"wp:term":[{"taxonomy":"category","embeddable":true,"href":"https:\/\/nadeaubarlow.com\/fr\/wp-json\/wp\/v2\/categories?post=2360"},{"taxonomy":"post_tag","embeddable":true,"href":"https:\/\/nadeaubarlow.com\/fr\/wp-json\/wp\/v2\/tags?post=2360"}],"curies":[{"name":"wp","href":"https:\/\/api.w.org\/{rel}","templated":true}]}}