{"id":2326,"date":"2011-08-24T11:26:18","date_gmt":"2011-08-24T15:26:18","guid":{"rendered":"http:\/\/nadeaubarlow.com\/?p=2326"},"modified":"2011-08-24T11:26:18","modified_gmt":"2011-08-24T15:26:18","slug":"jack-layton-la-fin-des-promesses","status":"publish","type":"post","link":"https:\/\/nadeaubarlow.com\/fr\/jack-layton-la-fin-des-promesses\/","title":{"rendered":"Jack Layton: la fin des promesses"},"content":{"rendered":"<p><em>Une chronique de Jean-Beno\u00eet Nadeau parue chez\u00a0<em><a href=\"http:\/\/actualites.ca.msn.com\/chroniques\/chroniques.aspx\" target=\"_blank\">MSN Actualit\u00e9s<\/a><\/em><\/em><\/p>\n<div id=\"attachment_2327\" style=\"width: 241px\" class=\"wp-caption alignleft\"><a href=\"http:\/\/actualites.ca.msn.com\/chroniques\/chroniques-jean-benoit-nadeau.aspx?cp-documentid=30227213&amp;page=0\" target=\"_blank\"><img aria-describedby=\"caption-attachment-2327\" loading=\"lazy\" class=\"size-full wp-image-2327   \" title=\"Jack Layton\" src=\"https:\/\/nadeaubarlow.com\/wp-content\/uploads\/2011\/08\/Layton.jpg\" alt=\"\" width=\"231\" height=\"160\" \/><\/a><p id=\"caption-attachment-2327\" class=\"wp-caption-text\">Adrian Wyld-La Presse Canadienne<\/p><\/div>\n<p>Je voulais vous parler de mes vacances au chalet et de la d\u00e9cote de la note de cr\u00e9dit des \u00c9tats-Unis, mais la mort de Jack Layton vient tout chambouler.<\/p>\n<p>Les Qu\u00e9b\u00e9cois se sont retrouv\u00e9s orphelins politiques hier avec le d\u00e9c\u00e8s de Jack Layton &#8211; d\u00e9c\u00e8s qui n&rsquo;a pas de quoi surprendre vu son retrait \u00abtemporaire\u00bb en juillet.<\/p>\n<p>Pour reprendre la notation \u00e0 saveur Moody&rsquo;s, sa note est r\u00e9vis\u00e9e au niveau \u00abAaargh\u00bb &#8212; avec perspective n\u00e9gative.<\/p>\n<p>Sa mort fulgurante laisse dans le deuil, outre sa femme et ses enfants, toute sa famille politique et la province de Qu\u00e9bec, qui avait essentiellement mis\u00e9 sur lui aux derni\u00e8res \u00e9lections. \u00a0<a href=\"http:\/\/actualites.ca.msn.com\/chroniques\/chroniques-jean-benoit-nadeau.aspx?cp-documentid=30227213&amp;page=0\" target=\"_blank\"> Lire la suite \u00bb<\/a><em><em><br \/>\n<\/em><\/em><\/p>\n","protected":false},"excerpt":{"rendered":"<p>Une chronique de Jean-Beno\u00eet Nadeau parue chez\u00a0MSN Actualit\u00e9s Je voulais vous parler de mes vacances au chalet et de la d\u00e9cote de la note de &#8230;<\/p>\n","protected":false},"author":2,"featured_media":2327,"comment_status":"open","ping_status":"closed","sticky":false,"template":"","format":"standard","meta":[],"categories":[18],"tags":[],"_links":{"self":[{"href":"https:\/\/nadeaubarlow.com\/fr\/wp-json\/wp\/v2\/posts\/2326"}],"collection":[{"href":"https:\/\/nadeaubarlow.com\/fr\/wp-json\/wp\/v2\/posts"}],"about":[{"href":"https:\/\/nadeaubarlow.com\/fr\/wp-json\/wp\/v2\/types\/post"}],"author":[{"embeddable":true,"href":"https:\/\/nadeaubarlow.com\/fr\/wp-json\/wp\/v2\/users\/2"}],"replies":[{"embeddable":true,"href":"https:\/\/nadeaubarlow.com\/fr\/wp-json\/wp\/v2\/comments?post=2326"}],"version-history":[{"count":9,"href":"https:\/\/nadeaubarlow.com\/fr\/wp-json\/wp\/v2\/posts\/2326\/revisions"}],"predecessor-version":[{"id":2336,"href":"https:\/\/nadeaubarlow.com\/fr\/wp-json\/wp\/v2\/posts\/2326\/revisions\/2336"}],"wp:featuredmedia":[{"embeddable":true,"href":"https:\/\/nadeaubarlow.com\/fr\/wp-json\/wp\/v2\/media\/2327"}],"wp:attachment":[{"href":"https:\/\/nadeaubarlow.com\/fr\/wp-json\/wp\/v2\/media?parent=2326"}],"wp:term":[{"taxonomy":"category","embeddable":true,"href":"https:\/\/nadeaubarlow.com\/fr\/wp-json\/wp\/v2\/categories?post=2326"},{"taxonomy":"post_tag","embeddable":true,"href":"https:\/\/nadeaubarlow.com\/fr\/wp-json\/wp\/v2\/tags?post=2326"}],"curies":[{"name":"wp","href":"https:\/\/api.w.org\/{rel}","templated":true}]}}