{"id":2218,"date":"2011-09-20T11:00:34","date_gmt":"2011-09-20T15:00:34","guid":{"rendered":"http:\/\/nadeaubarlow.com\/?p=2218"},"modified":"2012-03-15T13:04:27","modified_gmt":"2012-03-15T17:04:27","slug":"jean-benoit-nadeau-en-entrevue-avec-isabelle-marechal","status":"publish","type":"post","link":"https:\/\/nadeaubarlow.com\/fr\/jean-benoit-nadeau-en-entrevue-avec-isabelle-marechal\/","title":{"rendered":"Jean-Beno\u00eet Nadeau en entrevue avec Isabelle Mar\u00e9chal"},"content":{"rendered":"<p><a href=\"https:\/\/nadeaubarlow.com\/wp-content\/uploads\/2011\/07\/JBN-sur-Isabelle-le-Matin-98-5.png\"><img loading=\"lazy\" class=\"alignleft size-full wp-image-2233\" title=\"Jean-Beno\u00eet Nadeau en entrevue avec Isabelle Mar\u00e9chal\" src=\"https:\/\/nadeaubarlow.com\/wp-content\/uploads\/2011\/07\/JBN-sur-Isabelle-le-Matin-98-5.png\" alt=\"\" width=\"324\" height=\"216\" \/><\/a><\/p>\n<p>\u00c9coutez l&rsquo;entrevue\u00a0qui a eu lieu\u00a0le 14 juillet sur les ondes de 98,5 FM Montr\u00e9al!<\/p>\n<p>Extrait \u2013 Jean-Beno\u00eet Nadeau\u00a0:<\/p>\n<p>\u00ab Une des choses que j\u2019admire le plus des Fran\u00e7ais, c\u2019est leur culture d\u2019\u00e9loquence. C\u2019est une grande valeur chez eux, presque une monnaie d\u2019\u00e9change. L\u2019\u00e9loquence permet, m\u00eame quelqu\u2019un qui n\u2019appartient pas \u00e0 la haute soci\u00e9t\u00e9 ou aux factions, d\u2019acc\u00e9der au pouvoir. Quelqu\u2019un qui a de l\u2019\u00e9loquence dans ce pays-l\u00e0 peut monter. C\u2019est pour \u00e7a que tous leurs examens, m\u00eame pour la fonction publique, sont oraux. On monte dans la soci\u00e9t\u00e9 fran\u00e7aise parce qu\u2019on s\u2019exprime bien. \u00bb<strong><br \/>\n<\/strong><\/p>\n<p><a href=\"https:\/\/nadeaubarlow.com\/wp-content\/uploads\/2011\/07\/Entrevue-JBN-avec-Isabelle-le-matin-98-5-FM-201109121.mp3\" target=\"_blank\">\u00c9coutez l\u2019entrevue \u00bb<\/a><\/p>\n","protected":false},"excerpt":{"rendered":"<p>\u00c9coutez l&rsquo;entrevue\u00a0qui a eu lieu\u00a0le 14 juillet sur les ondes de 98,5 FM Montr\u00e9al! Extrait \u2013 Jean-Beno\u00eet Nadeau\u00a0: \u00ab Une des choses que j\u2019admire le &#8230;<\/p>\n","protected":false},"author":2,"featured_media":2233,"comment_status":"open","ping_status":"closed","sticky":false,"template":"","format":"standard","meta":[],"categories":[18,41,11],"tags":[],"_links":{"self":[{"href":"https:\/\/nadeaubarlow.com\/fr\/wp-json\/wp\/v2\/posts\/2218"}],"collection":[{"href":"https:\/\/nadeaubarlow.com\/fr\/wp-json\/wp\/v2\/posts"}],"about":[{"href":"https:\/\/nadeaubarlow.com\/fr\/wp-json\/wp\/v2\/types\/post"}],"author":[{"embeddable":true,"href":"https:\/\/nadeaubarlow.com\/fr\/wp-json\/wp\/v2\/users\/2"}],"replies":[{"embeddable":true,"href":"https:\/\/nadeaubarlow.com\/fr\/wp-json\/wp\/v2\/comments?post=2218"}],"version-history":[{"count":30,"href":"https:\/\/nadeaubarlow.com\/fr\/wp-json\/wp\/v2\/posts\/2218\/revisions"}],"predecessor-version":[{"id":4346,"href":"https:\/\/nadeaubarlow.com\/fr\/wp-json\/wp\/v2\/posts\/2218\/revisions\/4346"}],"wp:featuredmedia":[{"embeddable":true,"href":"https:\/\/nadeaubarlow.com\/fr\/wp-json\/wp\/v2\/media\/2233"}],"wp:attachment":[{"href":"https:\/\/nadeaubarlow.com\/fr\/wp-json\/wp\/v2\/media?parent=2218"}],"wp:term":[{"taxonomy":"category","embeddable":true,"href":"https:\/\/nadeaubarlow.com\/fr\/wp-json\/wp\/v2\/categories?post=2218"},{"taxonomy":"post_tag","embeddable":true,"href":"https:\/\/nadeaubarlow.com\/fr\/wp-json\/wp\/v2\/tags?post=2218"}],"curies":[{"name":"wp","href":"https:\/\/api.w.org\/{rel}","templated":true}]}}