{"id":2191,"date":"2011-07-06T16:02:26","date_gmt":"2011-07-06T20:02:26","guid":{"rendered":"http:\/\/nadeaubarlow.com\/?p=2191"},"modified":"2011-07-06T16:13:08","modified_gmt":"2011-07-06T20:13:08","slug":"justice-se-fait","status":"publish","type":"post","link":"https:\/\/nadeaubarlow.com\/fr\/justice-se-fait\/","title":{"rendered":"Justice se fait"},"content":{"rendered":"<div id=\"attachment_2192\" style=\"width: 195px\" class=\"wp-caption alignleft\"><a href=\"http:\/\/actualites.ca.msn.com\/chroniques\/justice-se-fait\" target=\"_blank\"><img aria-describedby=\"caption-attachment-2192\" loading=\"lazy\" class=\"size-full wp-image-2192  \" title=\"Justice se fait\" src=\"https:\/\/nadeaubarlow.com\/wp-content\/uploads\/2011\/07\/Justice-se-fait.jpg\" alt=\"\" width=\"185\" height=\"134\" \/><\/a><p id=\"caption-attachment-2192\" class=\"wp-caption-text\">INF - Radio-Canada<\/p><\/div>\n<p><em>Une chronique de Jean-Beno\u00eet Nadeau parue chez\u00a0<a href=\"http:\/\/actualites.ca.msn.com\/chroniques\/chroniques.aspx\" target=\"_blank\">MSN Actualit\u00e9s<\/a><\/em><\/p>\n<p>Comme vous, je suis \u00e9coeur\u00e9 par le jugement favorable qu\u2019a re\u00e7u Guy Turcotte hier et tr\u00e8s surpris par la lib\u00e9ration probable (avant proc\u00e8s) de Dominique Strauss-Kahn.<\/p>\n<p>Mais en m\u00eame temps, ces deux d\u00e9cisions tr\u00e8s m\u00e9diatis\u00e9es nous montrent le sens de cette expression galvaud\u00e9e : \u00abQue justice se fasse.\u00bb<\/p>\n<p>Pas au sens de \u00abfabrication\u00bb: c&rsquo;est que la justice immanente n&rsquo;existe pas, elle doit \u00abse former\u00bb, s&rsquo;accoucher d&rsquo;elle-m\u00eame en quelque sorte. C&rsquo;est n\u00e9cessairement sale, long et douloureux. \u00a0 \u00a0<a href=\"http:\/\/actualites.ca.msn.com\/chroniques\/justice-se-fait\" target=\"_blank\">Lire la suite \u00bb<\/a><em><br \/>\n<\/em><\/p>\n","protected":false},"excerpt":{"rendered":"<p>Une chronique de Jean-Beno\u00eet Nadeau parue chez\u00a0MSN Actualit\u00e9s Comme vous, je suis \u00e9coeur\u00e9 par le jugement favorable qu\u2019a re\u00e7u Guy Turcotte hier et tr\u00e8s surpris &#8230;<\/p>\n","protected":false},"author":2,"featured_media":2192,"comment_status":"open","ping_status":"closed","sticky":false,"template":"","format":"standard","meta":[],"categories":[18,42,41],"tags":[],"_links":{"self":[{"href":"https:\/\/nadeaubarlow.com\/fr\/wp-json\/wp\/v2\/posts\/2191"}],"collection":[{"href":"https:\/\/nadeaubarlow.com\/fr\/wp-json\/wp\/v2\/posts"}],"about":[{"href":"https:\/\/nadeaubarlow.com\/fr\/wp-json\/wp\/v2\/types\/post"}],"author":[{"embeddable":true,"href":"https:\/\/nadeaubarlow.com\/fr\/wp-json\/wp\/v2\/users\/2"}],"replies":[{"embeddable":true,"href":"https:\/\/nadeaubarlow.com\/fr\/wp-json\/wp\/v2\/comments?post=2191"}],"version-history":[{"count":11,"href":"https:\/\/nadeaubarlow.com\/fr\/wp-json\/wp\/v2\/posts\/2191\/revisions"}],"predecessor-version":[{"id":2202,"href":"https:\/\/nadeaubarlow.com\/fr\/wp-json\/wp\/v2\/posts\/2191\/revisions\/2202"}],"wp:featuredmedia":[{"embeddable":true,"href":"https:\/\/nadeaubarlow.com\/fr\/wp-json\/wp\/v2\/media\/2192"}],"wp:attachment":[{"href":"https:\/\/nadeaubarlow.com\/fr\/wp-json\/wp\/v2\/media?parent=2191"}],"wp:term":[{"taxonomy":"category","embeddable":true,"href":"https:\/\/nadeaubarlow.com\/fr\/wp-json\/wp\/v2\/categories?post=2191"},{"taxonomy":"post_tag","embeddable":true,"href":"https:\/\/nadeaubarlow.com\/fr\/wp-json\/wp\/v2\/tags?post=2191"}],"curies":[{"name":"wp","href":"https:\/\/api.w.org\/{rel}","templated":true}]}}