{"id":12009,"date":"2016-02-16T12:22:45","date_gmt":"2016-02-16T17:22:45","guid":{"rendered":"http:\/\/nadeaubarlow.com\/fr\/?p=12009"},"modified":"2016-03-02T12:34:07","modified_gmt":"2016-03-02T17:34:07","slug":"rona-fatalite","status":"publish","type":"post","link":"https:\/\/nadeaubarlow.com\/fr\/rona-fatalite\/","title":{"rendered":"La vente de Rona n&rsquo;\u00e9tait pas un fatalit\u00e9"},"content":{"rendered":"<p>Un \u00e9ditorial de Jean-Beno\u00eet Nadeau chez <a href=\"http:\/\/avenues.ca\/editoriaux\/rona-baisse-les-bras\/\" target=\"_blank\">Avenues.ca<\/a><\/p>\n<div id=\"attachment_12010\" style=\"width: 150px\" class=\"wp-caption alignleft\"><a href=\"https:\/\/nadeaubarlow.com\/wp-content\/uploads\/2016\/03\/Rona.png\"><img aria-describedby=\"caption-attachment-12010\" loading=\"lazy\" class=\"size-full wp-image-12010\" src=\"https:\/\/nadeaubarlow.com\/wp-content\/uploads\/2016\/03\/Rona.png\" alt=\"Les fondateurs de Rona, Rolland Dansereau et Napol\u00e9on Piotte, se sont certainement retourn\u00e9s dans leur tombe.\" width=\"140\" height=\"140\" \/><\/a><p id=\"caption-attachment-12010\" class=\"wp-caption-text\">Les fondateurs de Rona, Rolland Dansereau et Napol\u00e9on Piotte, se sont certainement retourn\u00e9s dans leur tombe.<\/p><\/div>\n<p>Rona fait valoir qu&rsquo;elle n&rsquo;avait pas le choix de se vendre \u00e0 la multinationale Lowe&rsquo;s, mais on n&rsquo;est pas oblig\u00e9 de les croire ni d&rsquo;accepter une telle reddition.<\/p>\n<p>\u00abLowe\u2019s voulait entrer sur le march\u00e9 canadien\u00bb, fait-on valoir. Mais les Am\u00e9ricains se plantent souvent quand ils se risquent hors de chez eux &#8211; voir Target. \u00abLe conseil d\u2019administration est souverain, mais ne doit-il consid\u00e9rer que la finance, justement?\u00bb<\/p>\n<p>\u00ab\u00c0 juste titre, on devrait s\u2019inqui\u00e9ter que personne dans le milieu d\u2019affaires qu\u00e9b\u00e9cois ne se soit lev\u00e9 pour dire: \u00abSi c\u2019est bon pour Lowe\u2019s, c\u2019est bon pour nous.\u00bb Toutes les grandes \u00e9conomies de la plan\u00e8te, dont le Qu\u00e9bec, op\u00e8rent dans le cadre d\u2019un march\u00e9 libre \u2014 ce qui suppose que des soci\u00e9t\u00e9s comme Rona puissent \u00eatre \u00e0 vendre. Mais toutes ces \u00e9conomies cultivent aussi un nationalisme \u00e9conomique de bon aloi.\u00bb<\/p>\n<p>Il faudra r\u00e9fl\u00e9chir aux meilleurs moyens de contrer le prochain Lowe\u2019s.\u00bb<\/p>\n<p><a href=\"http:\/\/avenues.ca\/editoriaux\/rona-baisse-les-bras\/\" target=\"_blank\">Lire l&rsquo;\u00e9ditorial.<\/a><\/p>\n","protected":false},"excerpt":{"rendered":"<p>Un \u00e9ditorial de Jean-Beno\u00eet Nadeau chez Avenues.ca Rona fait valoir qu&rsquo;elle n&rsquo;avait pas le choix de se vendre \u00e0 la multinationale Lowe&rsquo;s, mais on n&rsquo;est &#8230;<\/p>\n","protected":false},"author":11,"featured_media":12010,"comment_status":"open","ping_status":"closed","sticky":false,"template":"","format":"standard","meta":[],"categories":[148,28,72],"tags":[315,314,313],"_links":{"self":[{"href":"https:\/\/nadeaubarlow.com\/fr\/wp-json\/wp\/v2\/posts\/12009"}],"collection":[{"href":"https:\/\/nadeaubarlow.com\/fr\/wp-json\/wp\/v2\/posts"}],"about":[{"href":"https:\/\/nadeaubarlow.com\/fr\/wp-json\/wp\/v2\/types\/post"}],"author":[{"embeddable":true,"href":"https:\/\/nadeaubarlow.com\/fr\/wp-json\/wp\/v2\/users\/11"}],"replies":[{"embeddable":true,"href":"https:\/\/nadeaubarlow.com\/fr\/wp-json\/wp\/v2\/comments?post=12009"}],"version-history":[{"count":1,"href":"https:\/\/nadeaubarlow.com\/fr\/wp-json\/wp\/v2\/posts\/12009\/revisions"}],"predecessor-version":[{"id":12013,"href":"https:\/\/nadeaubarlow.com\/fr\/wp-json\/wp\/v2\/posts\/12009\/revisions\/12013"}],"wp:featuredmedia":[{"embeddable":true,"href":"https:\/\/nadeaubarlow.com\/fr\/wp-json\/wp\/v2\/media\/12010"}],"wp:attachment":[{"href":"https:\/\/nadeaubarlow.com\/fr\/wp-json\/wp\/v2\/media?parent=12009"}],"wp:term":[{"taxonomy":"category","embeddable":true,"href":"https:\/\/nadeaubarlow.com\/fr\/wp-json\/wp\/v2\/categories?post=12009"},{"taxonomy":"post_tag","embeddable":true,"href":"https:\/\/nadeaubarlow.com\/fr\/wp-json\/wp\/v2\/tags?post=12009"}],"curies":[{"name":"wp","href":"https:\/\/api.w.org\/{rel}","templated":true}]}}