{"id":11947,"date":"2016-01-01T09:14:05","date_gmt":"2016-01-01T14:14:05","guid":{"rendered":"http:\/\/nadeaubarlow.com\/fr\/?p=11947"},"modified":"2016-01-19T09:23:40","modified_gmt":"2016-01-19T14:23:40","slug":"la-deferlante-des-drones","status":"publish","type":"post","link":"https:\/\/nadeaubarlow.com\/fr\/la-deferlante-des-drones\/","title":{"rendered":"La d\u00e9ferlante des drones"},"content":{"rendered":"<p><em>Un reportage de Jean-Beno\u00eet Nadeau dans le magazine<\/em> <a href=\"http:\/\/www.lactualite.com\/societe\/la-deferlante-des-drones\/\" target=\"_blank\">L&rsquo;actualit\u00e9<\/a>.<\/p>\n<div id=\"attachment_11948\" style=\"width: 810px\" class=\"wp-caption alignleft\"><a href=\"https:\/\/nadeaubarlow.com\/wp-content\/uploads\/2016\/01\/sky-shoot.jpg\"><img aria-describedby=\"caption-attachment-11948\" loading=\"lazy\" class=\"size-full wp-image-11948\" src=\"https:\/\/nadeaubarlow.com\/wp-content\/uploads\/2016\/01\/sky-shoot.jpg\" alt=\"Photo: Sky-Shoot\" width=\"800\" height=\"600\" \/><\/a><p id=\"caption-attachment-11948\" class=\"wp-caption-text\">Photo: Sky-Shoot<\/p><\/div>\n<p>La\u2009cam\u00e9ra s\u2019envole et fait le tour du superbe lustre en cristal souffl\u00e9 de la Scala, le c\u00e9l\u00e8bre th\u00e9\u00e2tre d\u2019op\u00e9ra milanais. Images de synth\u00e8se? Non, un travelling r\u00e9el, ex\u00e9cut\u00e9 par une soci\u00e9t\u00e9 de Toulouse, Sky-Shoot, gr\u00e2ce \u00e0 une cam\u00e9ra mont\u00e9e sur un drone, un robot volant \u00e0 quatre h\u00e9lices pesant quatre kilos, t\u00e9l\u00e9pilot\u00e9 depuis le parterre, sous le regard m\u00e9fiant des pompiers milanais.<\/p>\n<p>Pas \u00e9tonnant que ce soit une soci\u00e9t\u00e9 fran\u00e7aise qui ait r\u00e9alis\u00e9 cette man\u0153uvre d\u00e9licate pour l\u2019\u00e9mission <em>Secrets d\u2019histoire,<\/em> de France 2. La France a \u00e9t\u00e9 le premier pays \u00e0 ouvrir son espace a\u00e9rien aux drones commerciaux, d\u00e8s avril 2012 \u2014 soit trois ans avant les \u00c9tats-Unis. Depuis, le nombre de soci\u00e9t\u00e9s sp\u00e9cialis\u00e9es y est pass\u00e9 de 50 \u00e0 plus de 650. La France compte 1 600 t\u00e9l\u00e9\u00adpilotes certifi\u00e9s, selon la F\u00e9d\u00e9ration professionnelle du drone civil, qui recense plus de 70 \u00e9coles et 35 constructeurs. Elle organise m\u00eame son propre salon professionnel, l\u2019UAV Show Europe, dont la troisi\u00e8me \u00e9dition, en septembre 2014, a r\u00e9uni 2\u00a0000\u00a0participants \u00e0 Bordeaux.<\/p>\n<p>\u00abOn ne peut pas monter un secteur industriel sans normes\u00bb, dit Fran\u00e7ois Baffou, directeur g\u00e9n\u00e9ral de la technopole Bordeaux Technowest, qui a lanc\u00e9 le premier projet exp\u00e9rimental de drones civils en France en 2005. Et qui, en 2009, a ouvert le premier de ses trois centres d\u2019essais a\u00e9riens pour drones.<\/p>\n<p>La France n\u2019est pas seule dans la course: le Royaume-Uni, l\u2019Allemagne, la Su\u00e8de, l\u2019Italie, la R\u00e9publique tch\u00e8que, les Pays-Bas, la Norv\u00e8ge et la Suisse ont \u00e9galement adopt\u00e9 une r\u00e9glementation, en plus d\u2019Isra\u00ebl et du Japon. Mais la France a encore pris une longueur d\u2019avance en permettant les vols long parcours hors de port\u00e9e de vue du t\u00e9l\u00e9pilote.<\/p>\n<p>&nbsp;<\/p>\n<p><a href=\"http:\/\/www.lactualite.com\/societe\/la-deferlante-des-drones\/\" target=\"_blank\">Lire la suite. <\/a><\/p>\n","protected":false},"excerpt":{"rendered":"<p>Un reportage de Jean-Beno\u00eet Nadeau dans le magazine L&rsquo;actualit\u00e9. La\u2009cam\u00e9ra s\u2019envole et fait le tour du superbe lustre en cristal souffl\u00e9 de la Scala, le &#8230;<\/p>\n","protected":false},"author":11,"featured_media":11948,"comment_status":"open","ping_status":"closed","sticky":false,"template":"","format":"standard","meta":[],"categories":[148,28,42,41,72],"tags":[290,147,289,209,117,210],"_links":{"self":[{"href":"https:\/\/nadeaubarlow.com\/fr\/wp-json\/wp\/v2\/posts\/11947"}],"collection":[{"href":"https:\/\/nadeaubarlow.com\/fr\/wp-json\/wp\/v2\/posts"}],"about":[{"href":"https:\/\/nadeaubarlow.com\/fr\/wp-json\/wp\/v2\/types\/post"}],"author":[{"embeddable":true,"href":"https:\/\/nadeaubarlow.com\/fr\/wp-json\/wp\/v2\/users\/11"}],"replies":[{"embeddable":true,"href":"https:\/\/nadeaubarlow.com\/fr\/wp-json\/wp\/v2\/comments?post=11947"}],"version-history":[{"count":1,"href":"https:\/\/nadeaubarlow.com\/fr\/wp-json\/wp\/v2\/posts\/11947\/revisions"}],"predecessor-version":[{"id":11951,"href":"https:\/\/nadeaubarlow.com\/fr\/wp-json\/wp\/v2\/posts\/11947\/revisions\/11951"}],"wp:featuredmedia":[{"embeddable":true,"href":"https:\/\/nadeaubarlow.com\/fr\/wp-json\/wp\/v2\/media\/11948"}],"wp:attachment":[{"href":"https:\/\/nadeaubarlow.com\/fr\/wp-json\/wp\/v2\/media?parent=11947"}],"wp:term":[{"taxonomy":"category","embeddable":true,"href":"https:\/\/nadeaubarlow.com\/fr\/wp-json\/wp\/v2\/categories?post=11947"},{"taxonomy":"post_tag","embeddable":true,"href":"https:\/\/nadeaubarlow.com\/fr\/wp-json\/wp\/v2\/tags?post=11947"}],"curies":[{"name":"wp","href":"https:\/\/api.w.org\/{rel}","templated":true}]}}