{"id":11826,"date":"2015-11-17T11:33:52","date_gmt":"2015-11-17T16:33:52","guid":{"rendered":"http:\/\/nadeaubarlow.com\/fr\/?p=11826"},"modified":"2015-11-17T11:33:52","modified_gmt":"2015-11-17T16:33:52","slug":"du-calme-ce-sera-long","status":"publish","type":"post","link":"https:\/\/nadeaubarlow.com\/fr\/du-calme-ce-sera-long\/","title":{"rendered":"Du calme: ce sera long"},"content":{"rendered":"<p>Un \u00e9ditorial de Jean-Beno\u00eet Nadeau sur <a href=\"http:\/\/avenues.ca\/editoriaux\/du-calme-ce-sera-long\/\" target=\"_blank\">Avenues.ca<\/a><\/p>\n<p><a href=\"https:\/\/nadeaubarlow.com\/wp-content\/uploads\/2015\/11\/eiffel-tower-975002_1280.jpg\"><img loading=\"lazy\" class=\"alignleft  wp-image-11827\" src=\"https:\/\/nadeaubarlow.com\/wp-content\/uploads\/2015\/11\/eiffel-tower-975002_1280.jpg\" alt=\"eiffel-tower-975002_1280\" width=\"235\" height=\"157\" \/><\/a>La plan\u00e8te enti\u00e8re a pass\u00e9 le week-end scotch\u00e9e \u00e0 ses r\u00e9seaux sociaux, \u00e0 sa radio, \u00e0 sa t\u00e9l\u00e9, \u00e0 son journal, dans un vaste \u00e9lan de sympathie pour le peuple fran\u00e7ais accabl\u00e9 par le terrorisme pour la deuxi\u00e8me fois en dix mois.<\/p>\n<p>Aussi faut-il faire un appel au calme. Le but premier des terroristes est de provoquer des r\u00e9actions qui font leur jeu. Rien ne les frustre davantage qu\u2019un ennemi r\u00e9solu qui ne tombe pas dans le panneau.<\/p>\n<p>Avant de sauter trop vite aux conclusions, laissons les enqu\u00eateurs faire leur travail pour identifier les coupables, leurs complices et les ramifications du r\u00e9seau impliqu\u00e9. Il n\u2019est m\u00eame pas dit que la pr\u00e9tendue piste du passeport syrien n\u2019est pas une manipulation de plus. N\u2019oublions pas qu\u2019en 2003, c\u2019est une autre enqu\u00eate b\u00e2cl\u00e9e sur les armes de destructions massives qui fut \u00e0 l\u2019origine de l\u2019invasion de l\u2019Iraq, l\u2019une des causes directes des attentats de Paris.<\/p>\n<p><a href=\"http:\/\/avenues.ca\/editoriaux\/du-calme-ce-sera-long\/\" target=\"_blank\">Lire la suite. <\/a><\/p>\n","protected":false},"excerpt":{"rendered":"<p>Un \u00e9ditorial de Jean-Beno\u00eet Nadeau sur Avenues.ca La plan\u00e8te enti\u00e8re a pass\u00e9 le week-end scotch\u00e9e \u00e0 ses r\u00e9seaux sociaux, \u00e0 sa radio, \u00e0 sa t\u00e9l\u00e9, &#8230;<\/p>\n","protected":false},"author":11,"featured_media":11827,"comment_status":"open","ping_status":"closed","sticky":false,"template":"","format":"standard","meta":[],"categories":[28,42,41],"tags":[258,257,209,117,259,242,256],"_links":{"self":[{"href":"https:\/\/nadeaubarlow.com\/fr\/wp-json\/wp\/v2\/posts\/11826"}],"collection":[{"href":"https:\/\/nadeaubarlow.com\/fr\/wp-json\/wp\/v2\/posts"}],"about":[{"href":"https:\/\/nadeaubarlow.com\/fr\/wp-json\/wp\/v2\/types\/post"}],"author":[{"embeddable":true,"href":"https:\/\/nadeaubarlow.com\/fr\/wp-json\/wp\/v2\/users\/11"}],"replies":[{"embeddable":true,"href":"https:\/\/nadeaubarlow.com\/fr\/wp-json\/wp\/v2\/comments?post=11826"}],"version-history":[{"count":1,"href":"https:\/\/nadeaubarlow.com\/fr\/wp-json\/wp\/v2\/posts\/11826\/revisions"}],"predecessor-version":[{"id":11830,"href":"https:\/\/nadeaubarlow.com\/fr\/wp-json\/wp\/v2\/posts\/11826\/revisions\/11830"}],"wp:featuredmedia":[{"embeddable":true,"href":"https:\/\/nadeaubarlow.com\/fr\/wp-json\/wp\/v2\/media\/11827"}],"wp:attachment":[{"href":"https:\/\/nadeaubarlow.com\/fr\/wp-json\/wp\/v2\/media?parent=11826"}],"wp:term":[{"taxonomy":"category","embeddable":true,"href":"https:\/\/nadeaubarlow.com\/fr\/wp-json\/wp\/v2\/categories?post=11826"},{"taxonomy":"post_tag","embeddable":true,"href":"https:\/\/nadeaubarlow.com\/fr\/wp-json\/wp\/v2\/tags?post=11826"}],"curies":[{"name":"wp","href":"https:\/\/api.w.org\/{rel}","templated":true}]}}