{"id":11784,"date":"2015-09-29T12:03:53","date_gmt":"2015-09-29T16:03:53","guid":{"rendered":"http:\/\/nadeaubarlow.com\/fr\/?p=11784"},"modified":"2015-10-15T12:18:13","modified_gmt":"2015-10-15T16:18:13","slug":"le-niqab-voile-les-vrais-problemes","status":"publish","type":"post","link":"https:\/\/nadeaubarlow.com\/fr\/le-niqab-voile-les-vrais-problemes\/","title":{"rendered":"Le niqab voile les vrais probl\u00e8mes"},"content":{"rendered":"<p><em>Un \u00e9ditorial de Jean-Beno\u00eet Nadeau chez<\/em> <a href=\"http:\/\/avenues.ca\/editoriaux\/elections-le-niqab-voile-les-vrais-problemes\/\" target=\"_blank\">Avenues.ca<\/a>.<\/p>\n<div id=\"attachment_11785\" style=\"width: 171px\" class=\"wp-caption alignleft\"><a href=\"https:\/\/nadeaubarlow.com\/wp-content\/uploads\/2015\/10\/niqab.jpg\"><img aria-describedby=\"caption-attachment-11785\" loading=\"lazy\" class=\" wp-image-11785\" src=\"https:\/\/nadeaubarlow.com\/wp-content\/uploads\/2015\/10\/niqab.jpg\" alt=\"Une arme de distraction massive. Photo: Steve Evans \/ CC2.0\" width=\"161\" height=\"244\" \/><\/a><p id=\"caption-attachment-11785\" class=\"wp-caption-text\">Une arme de distraction massive.<br \/>Photo: Steve Evans \/ CC2.0<\/p><\/div>\n<p>Il y a quelque chose d\u2019ironique \u00e0 voir Stephen Harper et Gilles Duceppe s\u2019allier sur la question du niqab au nom des droits des femmes et tenter d\u2019en faire un enjeu \u00e9lectoral.<\/p>\n<p>Les conservateurs et les bloquistes devraient plut\u00f4t s\u2019inqui\u00e9ter du fait que leur parti soit aussi peu repr\u00e9sentatif de la place des femmes \u2013 de toutes les femmes. Parti conservateur: 12% de candidates! Quant au Bloc Qu\u00e9b\u00e9cois (28% de candidates), on pourrait s\u2019attendre \u00e0 ce qu\u2019il montre l\u2019exemple avec \u00ab50% +\u00a01\u00bb. Qu\u2019est-ce qui les emp\u00eache, au juste, de faire mieux?<\/p>\n<p>La discrimination \u00e0 l\u2019\u00e9gard des femmes en politique est un enjeu nettement plus s\u00e9rieux que celui du niqab, qui touche\u2026 combien de femmes? C\u2019est la premi\u00e8re question qui m\u00e9riterait d\u2019\u00eatre pos\u00e9e dans ce dossier, qui carbure \u00e0 l\u2019ignorance et aux suppositions.<\/p>\n<p>En r\u00e9alit\u00e9, c\u2019est le voile que l\u2019on jette sur la discrimination \u00e0 l\u2019endroit des femmes qui est le v\u00e9ritable scandale. Car ce probl\u00e8me, parfaitement document\u00e9, touche pr\u00e8s de 18 millions de Canadiennes. Au<\/p>\n<p><a href=\"http:\/\/avenues.ca\/editoriaux\/elections-le-niqab-voile-les-vrais-problemes\/\" target=\"_blank\">Lire la suite. <\/a><\/p>\n","protected":false},"excerpt":{"rendered":"<p>Un \u00e9ditorial de Jean-Beno\u00eet Nadeau chez Avenues.ca. Il y a quelque chose d\u2019ironique \u00e0 voir Stephen Harper et Gilles Duceppe s\u2019allier sur la question du &#8230;<\/p>\n","protected":false},"author":11,"featured_media":11785,"comment_status":"open","ping_status":"closed","sticky":false,"template":"","format":"standard","meta":[],"categories":[148,72],"tags":[232,239,240,236,238,237],"_links":{"self":[{"href":"https:\/\/nadeaubarlow.com\/fr\/wp-json\/wp\/v2\/posts\/11784"}],"collection":[{"href":"https:\/\/nadeaubarlow.com\/fr\/wp-json\/wp\/v2\/posts"}],"about":[{"href":"https:\/\/nadeaubarlow.com\/fr\/wp-json\/wp\/v2\/types\/post"}],"author":[{"embeddable":true,"href":"https:\/\/nadeaubarlow.com\/fr\/wp-json\/wp\/v2\/users\/11"}],"replies":[{"embeddable":true,"href":"https:\/\/nadeaubarlow.com\/fr\/wp-json\/wp\/v2\/comments?post=11784"}],"version-history":[{"count":2,"href":"https:\/\/nadeaubarlow.com\/fr\/wp-json\/wp\/v2\/posts\/11784\/revisions"}],"predecessor-version":[{"id":11789,"href":"https:\/\/nadeaubarlow.com\/fr\/wp-json\/wp\/v2\/posts\/11784\/revisions\/11789"}],"wp:featuredmedia":[{"embeddable":true,"href":"https:\/\/nadeaubarlow.com\/fr\/wp-json\/wp\/v2\/media\/11785"}],"wp:attachment":[{"href":"https:\/\/nadeaubarlow.com\/fr\/wp-json\/wp\/v2\/media?parent=11784"}],"wp:term":[{"taxonomy":"category","embeddable":true,"href":"https:\/\/nadeaubarlow.com\/fr\/wp-json\/wp\/v2\/categories?post=11784"},{"taxonomy":"post_tag","embeddable":true,"href":"https:\/\/nadeaubarlow.com\/fr\/wp-json\/wp\/v2\/tags?post=11784"}],"curies":[{"name":"wp","href":"https:\/\/api.w.org\/{rel}","templated":true}]}}