{"id":11418,"date":"2015-04-11T09:15:18","date_gmt":"2015-04-11T13:15:18","guid":{"rendered":"http:\/\/nadeaubarlow.com\/?p=11418"},"modified":"2015-05-11T09:33:19","modified_gmt":"2015-05-11T13:33:19","slug":"un-role-pour-le-quebec","status":"publish","type":"post","link":"https:\/\/nadeaubarlow.com\/fr\/un-role-pour-le-quebec\/","title":{"rendered":"Un r\u00f4le pour le Qu\u00e9bec"},"content":{"rendered":"<p><em>Une chronique de Jean-Beno\u00eet Nadeau, dans<\/em> <a href=\"http:\/\/www.ledevoir.com\/societe\/actualites-en-societe\/436995\/un-role-pour-le-quebec\" target=\"_blank\">Le Devoir<\/a>.<\/p>\n<div id=\"attachment_11419\" style=\"width: 239px\" class=\"wp-caption alignleft\"><a href=\"https:\/\/nadeaubarlow.com\/wp-content\/uploads\/2015\/05\/GAF-Japon.jpg\"><img aria-describedby=\"caption-attachment-11419\" loading=\"lazy\" class=\" wp-image-11419\" src=\"https:\/\/nadeaubarlow.com\/wp-content\/uploads\/2015\/05\/GAF-Japon.jpg\" alt=\"Le Conseil pour la promotion de la Francophonie au Japon. Source: BRAP \/ OIF\" width=\"229\" height=\"168\" \/><\/a><p id=\"caption-attachment-11419\" class=\"wp-caption-text\">Le Conseil pour la promotion de la Francophonie au Japon. \u00a9 BRAP\/OIF<\/p><\/div>\n<p>Une des choses que j\u2019ai retenues de mon s\u00e9jour au Japon, c\u2019est \u00e0 quel point le Qu\u00e9bec et les Qu\u00e9b\u00e9cois ont un r\u00f4le \u00e0 jouer dans la promotion du fran\u00e7ais hors Qu\u00e9bec.<\/p>\n<p>Prenez le Conseil pour la promotion de la Francophonie au Japon, mentionn\u00e9 bri\u00e8vement dans ma chronique pr\u00e9c\u00e9dente. Il r\u00e9unit une trentaine d\u2019ambassadeurs de pays francophones. La d\u00e9l\u00e9gu\u00e9e g\u00e9n\u00e9rale du Qu\u00e9bec, Claire Deronzier, en est la vice-pr\u00e9sidente. Ce conseil poursuit plusieurs objectifs, dont celui de faire valoir que la langue fran\u00e7aise peut servir \u00e0 autre chose qu\u2019\u00e0 lire des \u00e9tiquettes de Louis Vuitton ou de Dior.<\/p>\n<p>Le Japon compte 800\u00a0000 francophones, ce qui n\u2019est pas rien pour un pays non francophone. Le Conseil soutient donc, entre autres, les Journ\u00e9es de d\u00e9couverte de la Francophonie, organis\u00e9es par la Soci\u00e9t\u00e9 japonaise de didactique du fran\u00e7ais (900 membres) et le Festival du film francophone, o\u00f9 l\u2019on pr\u00e9sentera <em>Mommy<\/em> et<em> Starbuck. <\/em>(C\u2019est aussi le Conseil qui a pay\u00e9 les interpr\u00e8tes lors de deux de mes\u00a0quatre conf\u00e9rences au Japon.) Le Conseil coordonne certaines repr\u00e9sentations aupr\u00e8s du gouvernement, notamment pour ce qui touchera le fran\u00e7ais aux Jeux olympiques de Tokyo en 2020.<\/p>\n<p>Cet organisme n\u2019est qu\u2019un exemple des 47 \u00ab\u00a0Groupes d\u2019ambassadeurs francophones\u00a0\u00bb r\u00e9pertori\u00e9s par l\u2019Organisation internationale de la Francophonie.<\/p>\n<p><a href=\"http:\/\/www.ledevoir.com\/societe\/actualites-en-societe\/436995\/un-role-pour-le-quebec\" target=\"_blank\">Lire la suite&#8230;<\/a><\/p>\n","protected":false},"excerpt":{"rendered":"<p>Une chronique de Jean-Beno\u00eet Nadeau, dans Le Devoir. Une des choses que j\u2019ai retenues de mon s\u00e9jour au Japon, c\u2019est \u00e0 quel point le Qu\u00e9bec &#8230;<\/p>\n","protected":false},"author":11,"featured_media":11419,"comment_status":"open","ping_status":"closed","sticky":false,"template":"","format":"standard","meta":[],"categories":[47,28,39,43,99],"tags":[117,112,142,127,34,210],"_links":{"self":[{"href":"https:\/\/nadeaubarlow.com\/fr\/wp-json\/wp\/v2\/posts\/11418"}],"collection":[{"href":"https:\/\/nadeaubarlow.com\/fr\/wp-json\/wp\/v2\/posts"}],"about":[{"href":"https:\/\/nadeaubarlow.com\/fr\/wp-json\/wp\/v2\/types\/post"}],"author":[{"embeddable":true,"href":"https:\/\/nadeaubarlow.com\/fr\/wp-json\/wp\/v2\/users\/11"}],"replies":[{"embeddable":true,"href":"https:\/\/nadeaubarlow.com\/fr\/wp-json\/wp\/v2\/comments?post=11418"}],"version-history":[{"count":3,"href":"https:\/\/nadeaubarlow.com\/fr\/wp-json\/wp\/v2\/posts\/11418\/revisions"}],"predecessor-version":[{"id":11424,"href":"https:\/\/nadeaubarlow.com\/fr\/wp-json\/wp\/v2\/posts\/11418\/revisions\/11424"}],"wp:featuredmedia":[{"embeddable":true,"href":"https:\/\/nadeaubarlow.com\/fr\/wp-json\/wp\/v2\/media\/11419"}],"wp:attachment":[{"href":"https:\/\/nadeaubarlow.com\/fr\/wp-json\/wp\/v2\/media?parent=11418"}],"wp:term":[{"taxonomy":"category","embeddable":true,"href":"https:\/\/nadeaubarlow.com\/fr\/wp-json\/wp\/v2\/categories?post=11418"},{"taxonomy":"post_tag","embeddable":true,"href":"https:\/\/nadeaubarlow.com\/fr\/wp-json\/wp\/v2\/tags?post=11418"}],"curies":[{"name":"wp","href":"https:\/\/api.w.org\/{rel}","templated":true}]}}