{"id":11409,"date":"2015-05-11T08:54:26","date_gmt":"2015-05-11T12:54:26","guid":{"rendered":"http:\/\/nadeaubarlow.com\/?p=11409"},"modified":"2015-05-11T08:59:27","modified_gmt":"2015-05-11T12:59:27","slug":"une-strategie-francophone-2","status":"publish","type":"post","link":"https:\/\/nadeaubarlow.com\/fr\/une-strategie-francophone-2\/","title":{"rendered":"Une strategie francophone?"},"content":{"rendered":"<p><em>Une chronique de Jean-Beno\u00eet Nadeau, dans<\/em> <a href=\"http:\/\/www.ledevoir.com\/societe\/actualites-en-societe\/439714\/une-strategie-francophone\" target=\"_blank\">Le Devoir<\/a>.<\/p>\n<p><a href=\"https:\/\/nadeaubarlow.com\/wp-content\/uploads\/2015\/05\/Montenay-Soupart.jpg\"><img loading=\"lazy\" class=\"alignleft  wp-image-11405\" src=\"https:\/\/nadeaubarlow.com\/wp-content\/uploads\/2015\/05\/Montenay-Soupart.jpg\" alt=\"Montenay-Soupart\" width=\"195\" height=\"291\" \/><\/a>J\u2019ai lu hier <em>La langue fran\u00e7aise<\/em><em>\u00a0<\/em><em>: une arme d\u2019\u00e9quilibre de la mondialisation<\/em> d\u2019Yves Montenay et Damien Soupart. Le g\u00e9ographe Yves Montenay, qui dirige l\u2019Institut culture, \u00e9conomie et g\u00e9opolitique, fait un tr\u00e8s bon tour d\u2019horizon des diverses parties de la francophonie, en particulier la France. Il revisite et met \u00e0 jour un sujet qu\u2019il avait d\u00e9j\u00e0 explor\u00e9 en 2005 dans <em>La langue fran\u00e7aise face \u00e0 la mondialisation.<\/em><\/p>\n<p>Sa grande id\u00e9e est que l\u2019\u00e9conomie, c\u2019est la culture\u00a0et que la culture, c\u2019est l\u2019\u00e9conomie\u00a0; et qu\u2019il est stupide, voire suicidaire, de se concentrer sur l\u2019une en n\u00e9gligeant l\u2019autre. Quand on conna\u00eet le parcours d\u2019Yves Montenay, qui fut homme d\u2019affaires avant d\u2019\u00eatre chercheur, on comprend mieux \u00e0 quel point il sort du ronron th\u00e9orique.<\/p>\n<p>Cet ouvrage prend une tout autre dimension avec l\u2019addition d\u2019un pan nouveau de 80 pages, intitul\u00e9 Pour une strat\u00e9gie de la francophonie, sign\u00e9 Damien Soupart. Ce jeune strat\u00e8ge, qui n\u2019a que 25\u00a0ans, a fait son MBA \u00e0 l\u2019\u00ab\u00a0\u00c9cole de guerre \u00e9conomique\u00a0\u00bb. Cette institution, fond\u00e9e en 1997 par un g\u00e9n\u00e9ral fran\u00e7ais, est sp\u00e9cialis\u00e9e dans le renseignement \u00e9conomique. Sa mission\u00a0: appliquer hors du militaire deux si\u00e8cles de r\u00e9flexions en strat\u00e9gie militaire, non pour tuer ou d\u00e9stabiliser l\u2019ennemi, mais pour \u00e9tendre la notion d\u2019influence.<\/p>\n<p><a href=\"http:\/\/www.ledevoir.com\/societe\/actualites-en-societe\/439714\/une-strategie-francophone\" target=\"_blank\">Lire la suite&#8230;<\/a><\/p>\n","protected":false},"excerpt":{"rendered":"<p>Une chronique de Jean-Beno\u00eet Nadeau, dans Le Devoir. J\u2019ai lu hier La langue fran\u00e7aise\u00a0: une arme d\u2019\u00e9quilibre de la mondialisation d\u2019Yves Montenay et Damien Soupart. &#8230;<\/p>\n","protected":false},"author":11,"featured_media":11405,"comment_status":"open","ping_status":"closed","sticky":false,"template":"","format":"standard","meta":[],"categories":[28,39,43,99],"tags":[112,127,34,138,139],"_links":{"self":[{"href":"https:\/\/nadeaubarlow.com\/fr\/wp-json\/wp\/v2\/posts\/11409"}],"collection":[{"href":"https:\/\/nadeaubarlow.com\/fr\/wp-json\/wp\/v2\/posts"}],"about":[{"href":"https:\/\/nadeaubarlow.com\/fr\/wp-json\/wp\/v2\/types\/post"}],"author":[{"embeddable":true,"href":"https:\/\/nadeaubarlow.com\/fr\/wp-json\/wp\/v2\/users\/11"}],"replies":[{"embeddable":true,"href":"https:\/\/nadeaubarlow.com\/fr\/wp-json\/wp\/v2\/comments?post=11409"}],"version-history":[{"count":3,"href":"https:\/\/nadeaubarlow.com\/fr\/wp-json\/wp\/v2\/posts\/11409\/revisions"}],"predecessor-version":[{"id":11412,"href":"https:\/\/nadeaubarlow.com\/fr\/wp-json\/wp\/v2\/posts\/11409\/revisions\/11412"}],"wp:featuredmedia":[{"embeddable":true,"href":"https:\/\/nadeaubarlow.com\/fr\/wp-json\/wp\/v2\/media\/11405"}],"wp:attachment":[{"href":"https:\/\/nadeaubarlow.com\/fr\/wp-json\/wp\/v2\/media?parent=11409"}],"wp:term":[{"taxonomy":"category","embeddable":true,"href":"https:\/\/nadeaubarlow.com\/fr\/wp-json\/wp\/v2\/categories?post=11409"},{"taxonomy":"post_tag","embeddable":true,"href":"https:\/\/nadeaubarlow.com\/fr\/wp-json\/wp\/v2\/tags?post=11409"}],"curies":[{"name":"wp","href":"https:\/\/api.w.org\/{rel}","templated":true}]}}