{"id":11239,"date":"2014-09-08T12:17:48","date_gmt":"2014-09-08T16:17:48","guid":{"rendered":"http:\/\/nadeaubarlow.com\/?p=11239"},"modified":"2014-10-27T09:55:39","modified_gmt":"2014-10-27T13:55:39","slug":"chronique-le-devoir-reveillez-vous","status":"publish","type":"post","link":"https:\/\/nadeaubarlow.com\/fr\/chronique-le-devoir-reveillez-vous\/","title":{"rendered":"R\u00e9veillez-vous!"},"content":{"rendered":"<p>8 septembre 2014 |<a href=\"http:\/\/www.ledevoir.com\/auteur\/jean-benoit-nadeau\">Jean-Beno\u00eet Nadeau<\/a><\/p>\n<p><em>Une chronique de Jean-Beno\u00eet Nadeau parue chez<\/em> <a href=\"http:\/\/www.ledevoir.com\/societe\/actualites-en-societe\/417845\/reveillez-vous\">Le Devoir<\/a>.<\/p>\n<div id=\"attachment_11267\" style=\"width: 265px\" class=\"wp-caption alignleft\"><a href=\"https:\/\/nadeaubarlow.com\/wp-content\/uploads\/2014\/09\/Attali-rapport.jpg\"><img aria-describedby=\"caption-attachment-11267\" loading=\"lazy\" class=\" wp-image-11267\" alt=\"Jacques Attali pr\u00e9sentant son rapport au pr\u00e9sident Fran\u00e7ois Hollande.\" src=\"https:\/\/nadeaubarlow.com\/wp-content\/uploads\/2014\/09\/Attali-rapport.jpg\" width=\"255\" height=\"170\" \/><\/a><p id=\"caption-attachment-11267\" class=\"wp-caption-text\">Jacques Attali pr\u00e9sentant son rapport au pr\u00e9sident Fran\u00e7ois Hollande.<\/p><\/div>\n<p>Le Qu\u00e9bec n\u2019a pas le p\u00e9trole, mais il a sa langue. C\u2019est l\u2019id\u00e9e derri\u00e8re cette nouvelle chronique que lance<em>\u00a0Le Devoir<\/em>\u00a0aujourd\u2019hui.<\/p>\n<p>Car le fran\u00e7ais, qui nous isole un peu sur le continent, nous branche sur un univers de 250\u00a0millions de francophones dans une cinquantaine de pays.<\/p>\n<p>En 2008, j\u2019avais \u00e9t\u00e9 invit\u00e9 au Japon pour donner une s\u00e9rie de conf\u00e9rences sur mon exp\u00e9rience de francophone. Car les Japonais, qui sont insulaires \u00e0 la fois sur les plans g\u00e9ographique et linguistique, sont tr\u00e8s sensibles \u00e0 l\u2019id\u00e9e que l\u2019on puisse appartenir \u00e0 un espace g\u00e9oculturel beaucoup plus vaste que son propre pays. \u00c0 plus forte raison quand ce pays, ce n\u2019est pas un pays, comme le dit la chanson. <a href=\"http:\/\/www.ledevoir.com\/societe\/actualites-en-societe\/417845\/reveillez-vous\"><strong>Lire l&rsquo;article<\/strong><\/a><\/p>\n","protected":false},"excerpt":{"rendered":"<p>8 septembre 2014 |Jean-Beno\u00eet Nadeau Une chronique de Jean-Beno\u00eet Nadeau parue chez Le Devoir. Le Qu\u00e9bec n\u2019a pas le p\u00e9trole, mais il a sa langue. &#8230;<\/p>\n","protected":false},"author":3,"featured_media":11245,"comment_status":"open","ping_status":"closed","sticky":false,"template":"","format":"standard","meta":[],"categories":[28,39,43,99],"tags":[],"_links":{"self":[{"href":"https:\/\/nadeaubarlow.com\/fr\/wp-json\/wp\/v2\/posts\/11239"}],"collection":[{"href":"https:\/\/nadeaubarlow.com\/fr\/wp-json\/wp\/v2\/posts"}],"about":[{"href":"https:\/\/nadeaubarlow.com\/fr\/wp-json\/wp\/v2\/types\/post"}],"author":[{"embeddable":true,"href":"https:\/\/nadeaubarlow.com\/fr\/wp-json\/wp\/v2\/users\/3"}],"replies":[{"embeddable":true,"href":"https:\/\/nadeaubarlow.com\/fr\/wp-json\/wp\/v2\/comments?post=11239"}],"version-history":[{"count":5,"href":"https:\/\/nadeaubarlow.com\/fr\/wp-json\/wp\/v2\/posts\/11239\/revisions"}],"predecessor-version":[{"id":11270,"href":"https:\/\/nadeaubarlow.com\/fr\/wp-json\/wp\/v2\/posts\/11239\/revisions\/11270"}],"wp:featuredmedia":[{"embeddable":true,"href":"https:\/\/nadeaubarlow.com\/fr\/wp-json\/wp\/v2\/media\/11245"}],"wp:attachment":[{"href":"https:\/\/nadeaubarlow.com\/fr\/wp-json\/wp\/v2\/media?parent=11239"}],"wp:term":[{"taxonomy":"category","embeddable":true,"href":"https:\/\/nadeaubarlow.com\/fr\/wp-json\/wp\/v2\/categories?post=11239"},{"taxonomy":"post_tag","embeddable":true,"href":"https:\/\/nadeaubarlow.com\/fr\/wp-json\/wp\/v2\/tags?post=11239"}],"curies":[{"name":"wp","href":"https:\/\/api.w.org\/{rel}","templated":true}]}}