{"id":8353,"date":"2013-03-22T15:30:44","date_gmt":"2013-03-22T19:30:44","guid":{"rendered":"http:\/\/nadeaubarlow.com\/?p=8353"},"modified":"2014-02-22T09:17:44","modified_gmt":"2014-02-22T14:17:44","slug":"jean-benoit-nadeau-at-the-european-parliament-in-brussels","status":"publish","type":"post","link":"https:\/\/nadeaubarlow.com\/es\/jean-benoit-nadeau-at-the-european-parliament-in-brussels\/","title":{"rendered":"Jean-Beno\u00eet Nadeau at the European Parliament in Brussels"},"content":{"rendered":"<p>Jean-Beno\u00eet was invited by Angel Miguel Mart\u00ednez, Vice President of the European Parliament, and Olga Cosmidou, Director General of Conferences, to speak to representatives and officers of the European Union about how Europe&#8217;s main languages are globalizing and how this is affecting the \u00ablanguage market.\u00bb He was accompanied by representatives from the Alliance fran\u00e7aise of Brussels-Europe and the Qu\u00e9bec General Delegation in Brussels, who organized<a href=\"http:\/\/www.mrifce.gouv.qc.ca\/portail\/_scripts\/actualites\/viewnew.asp?NewID=12094&amp;strIdSite=bru&amp;lang=fr\" target=\"_blank\"> a series of conferences<\/a> for him in different Belgian cities during Francophonie Week.<br \/>\n<\/p>\n","protected":false},"excerpt":{"rendered":"<p>Jean-Beno\u00eet was invited by Angel Miguel Mart\u00ednez, Vice President of the European Parliament, and Olga Cosmidou, Director General of Conferences, to speak to representatives and &#8230;<\/p>\n","protected":false},"author":2,"featured_media":10891,"comment_status":"open","ping_status":"closed","sticky":false,"template":"","format":"standard","meta":[],"categories":[57,53,69,17],"tags":[],"_links":{"self":[{"href":"https:\/\/nadeaubarlow.com\/es\/wp-json\/wp\/v2\/posts\/8353"}],"collection":[{"href":"https:\/\/nadeaubarlow.com\/es\/wp-json\/wp\/v2\/posts"}],"about":[{"href":"https:\/\/nadeaubarlow.com\/es\/wp-json\/wp\/v2\/types\/post"}],"author":[{"embeddable":true,"href":"https:\/\/nadeaubarlow.com\/es\/wp-json\/wp\/v2\/users\/2"}],"replies":[{"embeddable":true,"href":"https:\/\/nadeaubarlow.com\/es\/wp-json\/wp\/v2\/comments?post=8353"}],"version-history":[{"count":14,"href":"https:\/\/nadeaubarlow.com\/es\/wp-json\/wp\/v2\/posts\/8353\/revisions"}],"predecessor-version":[{"id":10898,"href":"https:\/\/nadeaubarlow.com\/es\/wp-json\/wp\/v2\/posts\/8353\/revisions\/10898"}],"wp:featuredmedia":[{"embeddable":true,"href":"https:\/\/nadeaubarlow.com\/es\/wp-json\/wp\/v2\/media\/10891"}],"wp:attachment":[{"href":"https:\/\/nadeaubarlow.com\/es\/wp-json\/wp\/v2\/media?parent=8353"}],"wp:term":[{"taxonomy":"category","embeddable":true,"href":"https:\/\/nadeaubarlow.com\/es\/wp-json\/wp\/v2\/categories?post=8353"},{"taxonomy":"post_tag","embeddable":true,"href":"https:\/\/nadeaubarlow.com\/es\/wp-json\/wp\/v2\/tags?post=8353"}],"curies":[{"name":"wp","href":"https:\/\/api.w.org\/{rel}","templated":true}]}}